{"id":2449,"date":"2009-07-01T20:14:00","date_gmt":"2009-07-01T18:14:00","guid":{"rendered":"https:\/\/www.univers-bd.fr\/?p=2449"},"modified":"2025-09-29T15:09:42","modified_gmt":"2025-09-29T13:09:42","slug":"le-8-juillet-margaux-motin-et-pacco-en-dedicace","status":"publish","type":"post","link":"https:\/\/www.univers-bd.fr\/?p=2449","title":{"rendered":"Le 8 juillet, Margaux Motin et Pacco en d\u00e9dicace"},"content":{"rendered":"<p>Le Mercredi 8 juillet 2009, retrouvez, de 15h \u00e0 19h , Margaux Motin qui d\u00e9dicacera<em> J&#39;aurais aim\u00e9 \u00eatre ethnologue<\/em> et Pacco qui viendra d\u00e9dicacer son album <em>Ma\u00e9, Saison 1<\/em>.\n<\/p>\n<p>Comme d&#39;habitude, pour participer \u00e0 cette s\u00e9ance de d\u00e9dicace, n&#39;h\u00e9sitez pas \u00e0 appeler pour vous inscrire au <a class=\"htc\" href=\"livecall:0140278863\">01 40 27 88 63<\/a>&#8230; <\/p>\n<p><strong>Pr\u00e9sentation des albums :<\/strong><\/p>\n<p><strong><span style=\"text-decoration: underline;\"><a href=\"http:\/\/yannicklejeune.blogs.com\/.a\/6a00d8341c501b53ef01157115371e970c-popup\" onclick=\"window.open( this.href, &#39;_blank&#39;, &#39;width=640,height=480,scrollbars=no,resizable=no,toolbar=no,directories=no,location=no,menubar=no,status=no,left=0,top=0&#39; ); return false\" style=\"float: left;\"><img decoding=\"async\" alt=\"Motin\" class=\"at-xid-6a00d8341c501b53ef01157115371e970c \" src=\"https:\/\/www.univers-bd.fr\/wp-content\/uploads\/2009\/07\/6a00d8341c501b53ef01157115371e970c-200wi.jpg\" style=\"margin: 0px 5px 5px 0px; width: 165px;\" \/><\/a> <\/span> <\/strong>Ce livre d\u00e9crit de fa\u00e7on humoristique les aventures parentales,<br \/>\nprofessionnelles et &#39;modesques&#39; de Margaux Motin : cette trentenaire<br \/>\ndoit mener de front sa vie de femme mari\u00e9e \u00e0 un fan de jeux vid\u00e9o qui<br \/>\nne comprend d\u00e9cid\u00e9ment rien \u00e0 la mode, son r\u00f4le de jeune maman d&#39;une<br \/>\npetite fille adorable mais envahissante, et sa carri\u00e8re d&#39;illustratrice<br \/>\nfreelance d\u00e9contract\u00e9e mais d\u00e9sesp\u00e9r\u00e9ment solitaire. La chronique<br \/>\ntendre et dr\u00f4le d&#39;une femme moderne.<\/p>\n<p>&#8211;<\/p>\n<p>&#8211;<\/p>\n<p>&#8211;<\/p>\n<p>&#8211;<\/p>\n<p><span style=\"text-decoration: underline;\"><br \/><\/span><\/p>\n<p><span style=\"text-decoration: underline;\"><\/span> <a href=\"http:\/\/yannicklejeune.blogs.com\/.a\/6a00d8341c501b53ef01157115379c970c-popup\" onclick=\"window.open( this.href, &#39;_blank&#39;, &#39;width=640,height=480,scrollbars=no,resizable=no,toolbar=no,directories=no,location=no,menubar=no,status=no,left=0,top=0&#39; ); return false\" style=\"float: left;\"><img decoding=\"async\" alt=\"Pacco\" class=\"at-xid-6a00d8341c501b53ef01157115379c970c \" src=\"https:\/\/www.univers-bd.fr\/wp-content\/uploads\/2009\/07\/6a00d8341c501b53ef01157115379c970c-200wi.jpg\" style=\"margin: 0px 5px 5px 0px; width: 165px;\" \/><\/a> Ce livre d\u00e9crit de fa\u00e7on humoristique les relations d&#39;un p\u00e8re<br \/>\nadolescent attard\u00e9, qui a d\u00fb troquer ses manettes de Playstation pour<br \/>\nun chauffe-biberon, et de sa fille, Ma\u00e9, presque 4 ans, pur produit<br \/>\nd&#39;une \u00e9ducation \u00ab \u00e0 la cool \u00bb. Pacco consigne dans cette bande dessin\u00e9e<br \/>\nles mille et une excentricit\u00e9s de ce petit diable aux yeux bleus, des<br \/>\ncaprices pour ne pas manger de brocolis jusqu&#39;aux OPA agressives sur sa<br \/>\nNintendo DS. C&#39;est aussi et surtout la chronique tendre d&#39;un p\u00e8re qui<br \/>\nd\u00e9couvre l&#39;inestimable bonheur de nouer avec sa petite fille une<br \/>\ncomplicit\u00e9 du quotidien.<\/p>\n","protected":false},"excerpt":{"rendered":"<p>Le Mercredi 8 juillet 2009, retrouvez, de 15h \u00e0 19h , Margaux Motin qui d\u00e9dicacera J&#39;aurais aim\u00e9 \u00eatre ethnologue et Pacco qui viendra d\u00e9dicacer son album Ma\u00e9, Saison 1. Comme d&#39;habitude, pour participer \u00e0 cette s\u00e9ance de d\u00e9dicace, n&#39;h\u00e9sitez pas \u00e0 appeler pour vous inscrire au 01 40 27 88 63&#8230; Pr\u00e9sentation des albums : [&hellip;]<\/p>\n","protected":false},"author":3,"featured_media":0,"comment_status":"open","ping_status":"closed","sticky":false,"template":"","format":"standard","meta":{"footnotes":""},"categories":[1],"tags":[],"class_list":["post-2449","post","type-post","status-publish","format-standard","hentry","category-non-classe"],"_links":{"self":[{"href":"https:\/\/www.univers-bd.fr\/index.php?rest_route=\/wp\/v2\/posts\/2449","targetHints":{"allow":["GET"]}}],"collection":[{"href":"https:\/\/www.univers-bd.fr\/index.php?rest_route=\/wp\/v2\/posts"}],"about":[{"href":"https:\/\/www.univers-bd.fr\/index.php?rest_route=\/wp\/v2\/types\/post"}],"author":[{"embeddable":true,"href":"https:\/\/www.univers-bd.fr\/index.php?rest_route=\/wp\/v2\/users\/3"}],"replies":[{"embeddable":true,"href":"https:\/\/www.univers-bd.fr\/index.php?rest_route=%2Fwp%2Fv2%2Fcomments&post=2449"}],"version-history":[{"count":1,"href":"https:\/\/www.univers-bd.fr\/index.php?rest_route=\/wp\/v2\/posts\/2449\/revisions"}],"predecessor-version":[{"id":3552,"href":"https:\/\/www.univers-bd.fr\/index.php?rest_route=\/wp\/v2\/posts\/2449\/revisions\/3552"}],"wp:attachment":[{"href":"https:\/\/www.univers-bd.fr\/index.php?rest_route=%2Fwp%2Fv2%2Fmedia&parent=2449"}],"wp:term":[{"taxonomy":"category","embeddable":true,"href":"https:\/\/www.univers-bd.fr\/index.php?rest_route=%2Fwp%2Fv2%2Fcategories&post=2449"},{"taxonomy":"post_tag","embeddable":true,"href":"https:\/\/www.univers-bd.fr\/index.php?rest_route=%2Fwp%2Fv2%2Ftags&post=2449"}],"curies":[{"name":"wp","href":"https:\/\/api.w.org\/{rel}","templated":true}]}}