{"id":2440,"date":"2010-03-02T16:30:22","date_gmt":"2010-03-02T15:30:22","guid":{"rendered":"https:\/\/www.univers-bd.fr\/?p=2440"},"modified":"2025-09-29T15:12:02","modified_gmt":"2025-09-29T13:12:02","slug":"le-jeudi-11-mars-dedicace-de-dodo-et-benradis","status":"publish","type":"post","link":"https:\/\/www.univers-bd.fr\/?p=2440","title":{"rendered":"Le jeudi 11 mars, d\u00e9dicace de Dodo et Ben Radis"},"content":{"rendered":"<p>Le 11 mars de 16h \u00e0 19h, retrouvez&#0160;Dodo et Ben Radis&#0160;pour leur&#0160;album &quot;Les collines rouges&quot; chez Futuropolis.<\/p>\n<p>Comme d&#39;habitude, pour participer \u00e0 cette s\u00e9ance de d\u00e9dicace, n&#39;h\u00e9sitez pas \u00e0 appeler pour vous inscrire au <a class=\"htc\" href=\"livecall:0140278863\"><font color=\"#0066cc\">01 40 27 88 63<\/font><\/a>&#8230; <\/p>\n<p>Voici la pr\u00e9sentation de l&#39;album par l&#39;\u00e9diteur :<\/p>\n<p><a href=\"http:\/\/yannicklejeune.blogs.com\/.a\/6a00d8341c501b53ef01310f531251970c-popup\" onclick=\"window.open(this.href,&#39;_blank&#39;,&#39;scrollbars=no,resizable=yes,toolbar=no,directories=no,location=no,menubar=no,status=no,left=0,top=0&#39;); return false\" style=\"FLOAT: left\"><\/a>&#0160;<br \/> Connus depuis tr<a href=\"http:\/\/yannicklejeune.blogs.com\/.a\/6a00d8341c501b53ef01310f531251970c-popup\" onclick=\"window.open(this.href,&#39;_blank&#39;,&#39;scrollbars=no,resizable=yes,toolbar=no,directories=no,location=no,menubar=no,status=no,left=0,top=0&#39;); return false\" style=\"FLOAT: left\"><img decoding=\"async\" alt=\"51fw9+3WTDL__SS400_\" class=\"asset asset-image at-xid-6a00d8341c501b53ef01310f531251970c \" src=\"https:\/\/www.univers-bd.fr\/wp-content\/uploads\/2010\/03\/6a00d8341c501b53ef01310f531251970c-200wi.jpg\" style=\"MARGIN: 0px 5px 5px 0px; WIDTH: 165px\" title=\"51fw9+3WTDL__SS400_\" \/><\/a>ois d\u00e9cennies pour leurs bandes dessin\u00e9es animali\u00e8res humoristiques et soci\u00e9tales, Dodo et Ben Radis pro<a href=\"http:\/\/yannicklejeune.blogs.com\/.a\/6a00d8341c501b53ef01310f531251970c-popup\" onclick=\"window.open(this.href,&#39;_blank&#39;,&#39;scrollbars=no,resizable=yes,toolbar=no,directories=no,location=no,menubar=no,status=no,left=0,top=0&#39;); return false\" style=\"FLOAT: left\"><\/a>posent pour la premi\u00e8re fois, un r\u00e9cit r\u00e9aliste, dense, m\u00ealant habilement texte, bande dessin\u00e9e et illustrations. Comme pour contrebalancer la noirceur de l&#39;histoire, le trait de Ben Radis, fin, \u00e9l\u00e9gant, tout en ombres et en lumi\u00e8res, illumine cette oeuvre originale et atypique. Une femme arrive dans un petit ham<a href=\"http:\/\/yannicklejeune.blogs.com\/.a\/6a00d8341c501b53ef01310f531251970c-popup\" onclick=\"window.open(this.href,&#39;_blank&#39;,&#39;scrollbars=no,resizable=yes,toolbar=no,directories=no,location=no,menubar=no,status=no,left=0,top=0&#39;); return false\" style=\"FLOAT: left\"><\/a>eau du Sud de la France : \u00abElle \u00e9tait arriv\u00e9e \u00e0 destination. Destination nulle part. Mais c&#39;\u00e9tait le but puisqu&#39;elle n&#39;en avait aucun&#8230;\u00bb Elle est seule, avec peu de bagages. Elle s&#39;appelle \u00c9lise. Elle a besoin de repos, de calme, de solitude. Dor\u00e9navant, elle va pouvoir passer son temps, \u00e0 le laisser passer. Plus aucune obligation. Ses visites au village<a href=\"http:\/\/yannicklejeune.blogs.com\/.a\/6a00d8341c501b53ef01310f531251970c-popup\" onclick=\"window.open(this.href,&#39;_blank&#39;,&#39;scrollbars=no,resizable=yes,toolbar=no,directories=no,location=no,menubar=no,status=no,left=0,top=0&#39;); return false\" style=\"FLOAT: left\"><\/a> sont rares, elle parle peu, elle raconte venir de Nice ou de Paris, \u00e9crire des ouvrages scolaires ou illustrer des livres d&#39;enfants et devient la \u00absauvage\u00bb. Elle est partie pour fuir ses fant\u00f4mes morts ou vivants, ses souvenirs r\u00e9cents ou lointains, qui la rattrapent fr\u00e9quemment. On n&#39;efface pas comme \u00e7a les ann\u00e9es pass\u00e9es. Il y a mamie Th\u00e9r\u00e8se et son Heure Bleue de Guerlain. Son p\u00e8re Charles tyrannique qui siffle son \u00e9pouse pour se faire servir et l&#39;a dress\u00e9e \u00e0 se taire. Sa m\u00e8re, Madeleine, qu&#39;elle a surnomm\u00e9 la reine des grenouilles de b\u00e9nitier. Au d\u00e9but de l&#39;\u00e9t\u00e9, elle rencontre Chris, repr\u00e9sentant en vin, et d\u00e9couvre le sens du mot d\u00e9sir et elle vit. Mais le drame survient, terrible, horrible, insupportable&#8230;<\/p>\n","protected":false},"excerpt":{"rendered":"<p>Le 11 mars de 16h \u00e0 19h, retrouvez&#0160;Dodo et Ben Radis&#0160;pour leur&#0160;album &quot;Les collines rouges&quot; chez Futuropolis. Comme d&#39;habitude, pour participer \u00e0 cette s\u00e9ance de d\u00e9dicace, n&#39;h\u00e9sitez pas \u00e0 appeler pour vous inscrire au 01 40 27 88 63&#8230; Voici la pr\u00e9sentation de l&#39;album par l&#39;\u00e9diteur : &#0160; Connus depuis trois d\u00e9cennies pour leurs bandes [&hellip;]<\/p>\n","protected":false},"author":3,"featured_media":0,"comment_status":"open","ping_status":"closed","sticky":false,"template":"","format":"standard","meta":{"footnotes":""},"categories":[1],"tags":[],"class_list":["post-2440","post","type-post","status-publish","format-standard","hentry","category-non-classe"],"_links":{"self":[{"href":"https:\/\/www.univers-bd.fr\/index.php?rest_route=\/wp\/v2\/posts\/2440","targetHints":{"allow":["GET"]}}],"collection":[{"href":"https:\/\/www.univers-bd.fr\/index.php?rest_route=\/wp\/v2\/posts"}],"about":[{"href":"https:\/\/www.univers-bd.fr\/index.php?rest_route=\/wp\/v2\/types\/post"}],"author":[{"embeddable":true,"href":"https:\/\/www.univers-bd.fr\/index.php?rest_route=\/wp\/v2\/users\/3"}],"replies":[{"embeddable":true,"href":"https:\/\/www.univers-bd.fr\/index.php?rest_route=%2Fwp%2Fv2%2Fcomments&post=2440"}],"version-history":[{"count":1,"href":"https:\/\/www.univers-bd.fr\/index.php?rest_route=\/wp\/v2\/posts\/2440\/revisions"}],"predecessor-version":[{"id":3745,"href":"https:\/\/www.univers-bd.fr\/index.php?rest_route=\/wp\/v2\/posts\/2440\/revisions\/3745"}],"wp:attachment":[{"href":"https:\/\/www.univers-bd.fr\/index.php?rest_route=%2Fwp%2Fv2%2Fmedia&parent=2440"}],"wp:term":[{"taxonomy":"category","embeddable":true,"href":"https:\/\/www.univers-bd.fr\/index.php?rest_route=%2Fwp%2Fv2%2Fcategories&post=2440"},{"taxonomy":"post_tag","embeddable":true,"href":"https:\/\/www.univers-bd.fr\/index.php?rest_route=%2Fwp%2Fv2%2Ftags&post=2440"}],"curies":[{"name":"wp","href":"https:\/\/api.w.org\/{rel}","templated":true}]}}