{"id":2035,"date":"2021-05-15T18:44:00","date_gmt":"2021-05-15T16:44:00","guid":{"rendered":"https:\/\/www.univers-bd.fr\/?p=2035"},"modified":"2025-09-29T15:03:58","modified_gmt":"2025-09-29T13:03:58","slug":"mercredi-16-juin-dedicace-de-deloupy","status":"publish","type":"post","link":"https:\/\/www.univers-bd.fr\/?p=2035","title":{"rendered":"Mercredi 16 juin, d\u00e9dicace de Deloupy"},"content":{"rendered":"<p>Mercredi 16 juin, de 15h \u00e0 18h, d\u00e9dicace de <strong>Deloupy<\/strong> pour <strong><em>Impact<\/em><\/strong> \u00e9dition Casterman<\/p>\n<p>Comme d&#39;habitude, pour participer \u00e0 cette s\u00e9ance de d\u00e9dicace, n&#39;h\u00e9sitez pas \u00e0 appeler pour vous inscrire au 01 40 27 88 63&#8230;<\/p>\n<p>Pr\u00e9sentation de l&#39;\u00e9diteur :<\/p>\n<div class=\"Text Text--comic\"><a class=\"asset-img-link\" href=\"https:\/\/yannicklejeune.blogs.com\/.a\/6a00d8341c501b53ef026bded51402200c-pi\" style=\"float: left;\"><img decoding=\"async\" alt=\"9782203047976\" class=\"asset  asset-image at-xid-6a00d8341c501b53ef026bded51402200c img-responsive\" src=\"https:\/\/www.univers-bd.fr\/wp-content\/uploads\/2021\/05\/6a00d8341c501b53ef026bded51402200c-200wi.jpg\" style=\"width: 165px; margin: 0px 5px 5px 0px;\" title=\"9782203047976\" \/><\/a>Le r\u00e9cit implacable de deux destins, entre polar et drame social&#8230;<\/div>\n<div class=\"Text Text--comic\">\u00c2g\u00e9 d&#39;une quarantaine d&#39;ann\u00e9es, Dany vit en marge de la soci\u00e9t\u00e9. Aux prises avec la justice, abim\u00e9 par un trauma qu&#39;il cache, il se voit oblig\u00e9 d&#39;aller consulter une psychanalyste&#8230;&#0160;<br \/>Jean est un ouvrier \u00e0 la retraire. Il vit dans un Ephad et se sait condamn\u00e9 par la maladie. Lui aussi va raconter son histoire&#8230;<br \/>Il y a des ann\u00e9es. Une nuit. Une course poursuite. Des coups de feu.<br \/>Faisant se croiser deux destins tragiques, ce r\u00e9cit noir m\u00eale le trait sensible de Deloupy et le tranchant de l&#39;\u00e9criture de Gilles Rochier, faisant d&#39;Impact un drame haletant bien ancr\u00e9 dans la France d&#39;aujourd&#39;hui.<\/div>\n","protected":false},"excerpt":{"rendered":"<p>Mercredi 16 juin, de 15h \u00e0 18h, d\u00e9dicace de Deloupy pour Impact \u00e9dition Casterman Comme d&#39;habitude, pour participer \u00e0 cette s\u00e9ance de d\u00e9dicace, n&#39;h\u00e9sitez pas \u00e0 appeler pour vous inscrire au 01 40 27 88 63&#8230; Pr\u00e9sentation de l&#39;\u00e9diteur : Le r\u00e9cit implacable de deux destins, entre polar et drame social&#8230; \u00c2g\u00e9 d&#39;une quarantaine d&#39;ann\u00e9es, [&hellip;]<\/p>\n","protected":false},"author":4,"featured_media":0,"comment_status":"closed","ping_status":"closed","sticky":false,"template":"","format":"standard","meta":{"footnotes":""},"categories":[2],"tags":[],"class_list":["post-2035","post","type-post","status-publish","format-standard","hentry","category-dedicaces-bd"],"_links":{"self":[{"href":"https:\/\/www.univers-bd.fr\/index.php?rest_route=\/wp\/v2\/posts\/2035","targetHints":{"allow":["GET"]}}],"collection":[{"href":"https:\/\/www.univers-bd.fr\/index.php?rest_route=\/wp\/v2\/posts"}],"about":[{"href":"https:\/\/www.univers-bd.fr\/index.php?rest_route=\/wp\/v2\/types\/post"}],"author":[{"embeddable":true,"href":"https:\/\/www.univers-bd.fr\/index.php?rest_route=\/wp\/v2\/users\/4"}],"replies":[{"embeddable":true,"href":"https:\/\/www.univers-bd.fr\/index.php?rest_route=%2Fwp%2Fv2%2Fcomments&post=2035"}],"version-history":[{"count":1,"href":"https:\/\/www.univers-bd.fr\/index.php?rest_route=\/wp\/v2\/posts\/2035\/revisions"}],"predecessor-version":[{"id":2690,"href":"https:\/\/www.univers-bd.fr\/index.php?rest_route=\/wp\/v2\/posts\/2035\/revisions\/2690"}],"wp:attachment":[{"href":"https:\/\/www.univers-bd.fr\/index.php?rest_route=%2Fwp%2Fv2%2Fmedia&parent=2035"}],"wp:term":[{"taxonomy":"category","embeddable":true,"href":"https:\/\/www.univers-bd.fr\/index.php?rest_route=%2Fwp%2Fv2%2Fcategories&post=2035"},{"taxonomy":"post_tag","embeddable":true,"href":"https:\/\/www.univers-bd.fr\/index.php?rest_route=%2Fwp%2Fv2%2Ftags&post=2035"}],"curies":[{"name":"wp","href":"https:\/\/api.w.org\/{rel}","templated":true}]}}