{"id":2026,"date":"2021-07-28T07:46:22","date_gmt":"2021-07-28T05:46:22","guid":{"rendered":"https:\/\/www.univers-bd.fr\/?p=2026"},"modified":"2025-09-29T15:03:52","modified_gmt":"2025-09-29T13:03:52","slug":"mercredi-20-octobre-dedicace-de-emilio-van-der-zuiden","status":"publish","type":"post","link":"https:\/\/www.univers-bd.fr\/?p=2026","title":{"rendered":"Mercredi 20 octobre, d\u00e9dicace de Emilio Van Der Zuiden"},"content":{"rendered":"<p>Mercredi 20 octobre, horaires \u00e0 d\u00e9finir, d\u00e9dicace de <strong>Emilio Van Der Zuiden<\/strong>&#0160;pour <strong><em>Aimer pour deux<\/em><\/strong> \u00e9dition Grand Angle.<\/p>\n<p>Comme d&#39;habitude, pour participer \u00e0 cette s\u00e9ance de d\u00e9dicace, n&#39;h\u00e9sitez pas \u00e0 appeler pour vous inscrire au 01 40 27 88 63&#8230;<\/p>\n<p>Pr\u00e9sentation de l&#39;\u00e9diteur :<\/p>\n<p><strong> <a class=\"asset-img-link\" href=\"https:\/\/yannicklejeune.blogs.com\/.a\/6a00d8341c501b53ef026bdee3915e200c-pi\" style=\"float: left;\"><img decoding=\"async\" alt=\"9782818978177\" class=\"asset  asset-image at-xid-6a00d8341c501b53ef026bdee3915e200c img-responsive\" src=\"https:\/\/www.univers-bd.fr\/wp-content\/uploads\/2021\/07\/6a00d8341c501b53ef026bdee3915e200c-200wi.jpg\" style=\"width: 165px; margin: 0px 5px 5px 0px;\" title=\"9782818978177\" \/><\/a>La guerre ne les a pas aid\u00e9es. La lib\u00e9ration les a \u00e9loign\u00e9es. La vie les r\u00e9unira-t-elle&#0160;? &#0160;<\/strong><br \/>Monique a 20 ans et ne r\u00eave que de s\u2019\u00e9manciper. Quand elle d\u00e9barque \u00e0 Paris en 1941, elle se sent libre dans une ville pourtant occup\u00e9e. Elle d\u00e9couvre l\u2019euphorie de la capitale, mais aussi l\u2019horreur et la peur des nuits de rafles. La jeune femme rencontre Francis et l\u2019\u00e9pouse sur un coup de t\u00eate. De leur union na\u00eet Nicole, une enfant qui la prive de sa libert\u00e9. Quand, \u00e0 la lib\u00e9ration de Paris, Monique tombe amoureuse d\u2019un officier am\u00e9ricain, elle d\u00e9cide de renoncer \u00e0 tous ses droits sur sa fille et de l\u2019abandonner \u00e0 son p\u00e8re pour vivre sa passion. Dor\u00e9navant, la m\u00e8re et la fille sont faites pour se chercher, se rater, se retrouver. Une histoire bouleversante inspir\u00e9e de la vie de l\u2019auteur.<\/p>\n","protected":false},"excerpt":{"rendered":"<p>Mercredi 20 octobre, horaires \u00e0 d\u00e9finir, d\u00e9dicace de Emilio Van Der Zuiden&#0160;pour Aimer pour deux \u00e9dition Grand Angle. Comme d&#39;habitude, pour participer \u00e0 cette s\u00e9ance de d\u00e9dicace, n&#39;h\u00e9sitez pas \u00e0 appeler pour vous inscrire au 01 40 27 88 63&#8230; Pr\u00e9sentation de l&#39;\u00e9diteur : La guerre ne les a pas aid\u00e9es. La lib\u00e9ration les a [&hellip;]<\/p>\n","protected":false},"author":4,"featured_media":0,"comment_status":"closed","ping_status":"closed","sticky":false,"template":"","format":"standard","meta":{"footnotes":""},"categories":[2],"tags":[],"class_list":["post-2026","post","type-post","status-publish","format-standard","hentry","category-dedicaces-bd"],"_links":{"self":[{"href":"https:\/\/www.univers-bd.fr\/index.php?rest_route=\/wp\/v2\/posts\/2026","targetHints":{"allow":["GET"]}}],"collection":[{"href":"https:\/\/www.univers-bd.fr\/index.php?rest_route=\/wp\/v2\/posts"}],"about":[{"href":"https:\/\/www.univers-bd.fr\/index.php?rest_route=\/wp\/v2\/types\/post"}],"author":[{"embeddable":true,"href":"https:\/\/www.univers-bd.fr\/index.php?rest_route=\/wp\/v2\/users\/4"}],"replies":[{"embeddable":true,"href":"https:\/\/www.univers-bd.fr\/index.php?rest_route=%2Fwp%2Fv2%2Fcomments&post=2026"}],"version-history":[{"count":1,"href":"https:\/\/www.univers-bd.fr\/index.php?rest_route=\/wp\/v2\/posts\/2026\/revisions"}],"predecessor-version":[{"id":2672,"href":"https:\/\/www.univers-bd.fr\/index.php?rest_route=\/wp\/v2\/posts\/2026\/revisions\/2672"}],"wp:attachment":[{"href":"https:\/\/www.univers-bd.fr\/index.php?rest_route=%2Fwp%2Fv2%2Fmedia&parent=2026"}],"wp:term":[{"taxonomy":"category","embeddable":true,"href":"https:\/\/www.univers-bd.fr\/index.php?rest_route=%2Fwp%2Fv2%2Fcategories&post=2026"},{"taxonomy":"post_tag","embeddable":true,"href":"https:\/\/www.univers-bd.fr\/index.php?rest_route=%2Fwp%2Fv2%2Ftags&post=2026"}],"curies":[{"name":"wp","href":"https:\/\/api.w.org\/{rel}","templated":true}]}}