{"id":2024,"date":"2021-09-20T14:10:00","date_gmt":"2021-09-20T12:10:00","guid":{"rendered":"https:\/\/www.univers-bd.fr\/?p=2024"},"modified":"2025-09-29T15:03:51","modified_gmt":"2025-09-29T13:03:51","slug":"mercredi-17-novembre-dedicace-de-andre-taymans","status":"publish","type":"post","link":"https:\/\/www.univers-bd.fr\/?p=2024","title":{"rendered":"Mercredi 17 novembre, d\u00e9dicace de\u00a0Andr\u00e9 Taymans et Philippe Luguy"},"content":{"rendered":"<p>Mercredi 17 novembre, de 15h \u00e0 19h, d\u00e9dicace de <span class=\"tojvnm2t a6sixzi8 abs2jz4q a8s20v7p t1p8iaqh k5wvi7nf q3lfd5jv pk4s997a bipmatt0 cebpdrjk qowsmv63 owwhemhu dp1hu0rb dhp61c6y iyyx5f41\"><strong>Andr\u00e9 Taymans<\/strong> pour <strong><em>Caroline Baldwin Double Dames<\/em><\/strong> \u00e9dition Du tiroir + <strong><em>Int\u00e9grale Caroline Baldwin <\/em><\/strong>et de <strong>Philippe Luguy <\/strong>pour <em><strong>Percevan &#8211; la couronne du cr\u00e9puscule.<\/strong><\/em><\/span><\/p>\n<p>Comme d&#39;habitude, pour participer \u00e0 cette s\u00e9ance de d\u00e9dicace, n&#39;h\u00e9sitez pas \u00e0 appeler pour vous inscrire au 01 40 27 88 63&#8230;<\/p>\n<p>Pr\u00e9sentation de l&#39;\u00e9diteur :<\/p>\n<p><a class=\"asset-img-link\" href=\"https:\/\/yannicklejeune.blogs.com\/.a\/6a00d8341c501b53ef0278804e8416200d-pi\" style=\"float: left;\"><img decoding=\"async\" alt=\"Index\" class=\"asset  asset-image at-xid-6a00d8341c501b53ef0278804e8416200d img-responsive\" src=\"https:\/\/www.univers-bd.fr\/wp-content\/uploads\/2021\/09\/6a00d8341c501b53ef0278804e8416200d-200wi.jpg\" style=\"width: 165px; margin: 0px 5px 5px 0px;\" title=\"Index\" \/><\/a>Depuis sa premi\u00e8re apparition en 1996 dans les pages du magazine (A SUIVRE), Caroline Baldwin a parcouru un sacr\u00e9 bout de chemin. A l&#39;occasion des 25 ans de la s\u00e9rie, les Editions du Tiroir lancent la collection &quot;Entre deux&quot;, qui rassemblera des aventures oubli\u00e9es de la belle enqu\u00eatrice imagin\u00e9e par Andr\u00e9 Taymans, qui viendront s&#39;intercaler entre les 19 albums existants. Double Dames, commenc\u00e9 en 2012, s&#39;ins\u00e8re entre les tomes 16 &amp; 17.<\/p>\n<p>&#0160;<\/p>\n<p>&#0160;<\/p>\n<p>&#0160;<\/p>\n<p>&#0160;<\/p>\n<p>&#0160;<\/p>\n<p>&#0160;<\/p>\n<p>&#0160;<\/p>\n<p><a class=\"asset-img-link\" href=\"https:\/\/yannicklejeune.blogs.com\/.a\/6a00d8341c501b53ef026bdeff5737200c-pi\" style=\"float: left;\"><img decoding=\"async\" alt=\"51tvSWDfPHL\" class=\"asset  asset-image at-xid-6a00d8341c501b53ef026bdeff5737200c img-responsive\" src=\"https:\/\/www.univers-bd.fr\/wp-content\/uploads\/2021\/09\/6a00d8341c501b53ef026bdeff5737200c-200wi.jpg\" style=\"width: 165px; margin: 0px 5px 5px 0px;\" title=\"51tvSWDfPHL\" \/><\/a>Cinq personnages, le Duc de Rochecombe, le Seigneur de Blorimond, le mage Mabon, la Comtesse Cordille et Percevan sont contraints par le vieillissant Roi au pouvoir d\u00e9clinant, de retrouver la Mythique Couronne du Cr\u00e9puscule disparue depuis des si\u00e8cles. Elle futA jadis coiff\u00e9e par le premier monarque du Royaume, KONOGAN, et redonnerait tout sa puissance \u00e0 celui qui la porterait. Cette couronne sera le sujet d&#39;une qu\u00eate au cours de laquelle Percevan devra composer avec les ambitions et les r\u00eaves de tous&#8230;<\/p>\n","protected":false},"excerpt":{"rendered":"<p>Mercredi 17 novembre, de 15h \u00e0 19h, d\u00e9dicace de Andr\u00e9 Taymans pour Caroline Baldwin Double Dames \u00e9dition Du tiroir + Int\u00e9grale Caroline Baldwin et de Philippe Luguy pour Percevan &#8211; la couronne du cr\u00e9puscule. Comme d&#39;habitude, pour participer \u00e0 cette s\u00e9ance de d\u00e9dicace, n&#39;h\u00e9sitez pas \u00e0 appeler pour vous inscrire au 01 40 27 88 [&hellip;]<\/p>\n","protected":false},"author":4,"featured_media":0,"comment_status":"closed","ping_status":"closed","sticky":false,"template":"","format":"standard","meta":{"footnotes":""},"categories":[2],"tags":[],"class_list":["post-2024","post","type-post","status-publish","format-standard","hentry","category-dedicaces-bd"],"_links":{"self":[{"href":"https:\/\/www.univers-bd.fr\/index.php?rest_route=\/wp\/v2\/posts\/2024","targetHints":{"allow":["GET"]}}],"collection":[{"href":"https:\/\/www.univers-bd.fr\/index.php?rest_route=\/wp\/v2\/posts"}],"about":[{"href":"https:\/\/www.univers-bd.fr\/index.php?rest_route=\/wp\/v2\/types\/post"}],"author":[{"embeddable":true,"href":"https:\/\/www.univers-bd.fr\/index.php?rest_route=\/wp\/v2\/users\/4"}],"replies":[{"embeddable":true,"href":"https:\/\/www.univers-bd.fr\/index.php?rest_route=%2Fwp%2Fv2%2Fcomments&post=2024"}],"version-history":[{"count":1,"href":"https:\/\/www.univers-bd.fr\/index.php?rest_route=\/wp\/v2\/posts\/2024\/revisions"}],"predecessor-version":[{"id":2668,"href":"https:\/\/www.univers-bd.fr\/index.php?rest_route=\/wp\/v2\/posts\/2024\/revisions\/2668"}],"wp:attachment":[{"href":"https:\/\/www.univers-bd.fr\/index.php?rest_route=%2Fwp%2Fv2%2Fmedia&parent=2024"}],"wp:term":[{"taxonomy":"category","embeddable":true,"href":"https:\/\/www.univers-bd.fr\/index.php?rest_route=%2Fwp%2Fv2%2Fcategories&post=2024"},{"taxonomy":"post_tag","embeddable":true,"href":"https:\/\/www.univers-bd.fr\/index.php?rest_route=%2Fwp%2Fv2%2Ftags&post=2024"}],"curies":[{"name":"wp","href":"https:\/\/api.w.org\/{rel}","templated":true}]}}