{"id":2017,"date":"2022-03-30T21:59:58","date_gmt":"2022-03-30T19:59:58","guid":{"rendered":"https:\/\/www.univers-bd.fr\/?p=2017"},"modified":"2025-09-29T15:03:47","modified_gmt":"2025-09-29T13:03:47","slug":"mercredi-13-avril-dedicace-de-deloupy","status":"publish","type":"post","link":"https:\/\/www.univers-bd.fr\/?p=2017","title":{"rendered":"Mercredi 13 avril, d\u00e9dicace de Deloupy"},"content":{"rendered":"<p>Mercredi 13 avril, horaire \u00e0 d\u00e9finir, d\u00e9dicace de <strong>Deloupy<\/strong> pour <strong><em>Appel\u00e9s d&#39;Alg\u00e9rie<\/em><\/strong> \u00e9dition Marabulles.<\/p>\n<p>Comme d&#39;habitude, pour participer \u00e0 cette s\u00e9ance de d\u00e9dicace, n&#39;h\u00e9sitez pas \u00e0 appeler pour vous inscrire au 01 40 27 88 63&#8230;<\/p>\n<p>Pr\u00e9sentation de l&#39;\u00e9diteur :<\/p>\n<p><a class=\"asset-img-link\" href=\"https:\/\/yannicklejeune.blogs.com\/.a\/6a00d8341c501b53ef02788073fc28200d-pi\" style=\"float: left;\"><img decoding=\"async\" alt=\"010113954\" class=\"asset  asset-image at-xid-6a00d8341c501b53ef02788073fc28200d img-responsive\" src=\"https:\/\/www.univers-bd.fr\/wp-content\/uploads\/2022\/03\/6a00d8341c501b53ef02788073fc28200d-200wi.jpg\" style=\"width: 165px; margin: 0px 5px 5px 0px;\" title=\"010113954\" \/><\/a>J\u00e9r\u00f4me, lyc\u00e9en comme tant d&#39;autres, d\u00e9couvre que son grand-p\u00e8re a fait la guerre d&#39;Alg\u00e9rie&#8230; Mais ce dernier est victime d&#39;un AVC et sa m\u00e9moire lui fait d\u00e9faut. Le jeune homme r\u00e9alise alors l&#39;urgence de recueillir la parole des anciens combattants. Le grand-p\u00e8re et le petit-fils vont enqu\u00eater, ensemble, pour recoller les morceaux et r\u00e9unir les souvenirs des hommes que le v\u00e9t\u00e9ran a crois\u00e9e en Alg\u00e9rie&#8230;&#0160;<\/p>\n","protected":false},"excerpt":{"rendered":"<p>Mercredi 13 avril, horaire \u00e0 d\u00e9finir, d\u00e9dicace de Deloupy pour Appel\u00e9s d&#39;Alg\u00e9rie \u00e9dition Marabulles. Comme d&#39;habitude, pour participer \u00e0 cette s\u00e9ance de d\u00e9dicace, n&#39;h\u00e9sitez pas \u00e0 appeler pour vous inscrire au 01 40 27 88 63&#8230; Pr\u00e9sentation de l&#39;\u00e9diteur : J\u00e9r\u00f4me, lyc\u00e9en comme tant d&#39;autres, d\u00e9couvre que son grand-p\u00e8re a fait la guerre d&#39;Alg\u00e9rie&#8230; Mais [&hellip;]<\/p>\n","protected":false},"author":4,"featured_media":0,"comment_status":"closed","ping_status":"closed","sticky":false,"template":"","format":"standard","meta":{"footnotes":""},"categories":[2],"tags":[],"class_list":["post-2017","post","type-post","status-publish","format-standard","hentry","category-dedicaces-bd"],"_links":{"self":[{"href":"https:\/\/www.univers-bd.fr\/index.php?rest_route=\/wp\/v2\/posts\/2017","targetHints":{"allow":["GET"]}}],"collection":[{"href":"https:\/\/www.univers-bd.fr\/index.php?rest_route=\/wp\/v2\/posts"}],"about":[{"href":"https:\/\/www.univers-bd.fr\/index.php?rest_route=\/wp\/v2\/types\/post"}],"author":[{"embeddable":true,"href":"https:\/\/www.univers-bd.fr\/index.php?rest_route=\/wp\/v2\/users\/4"}],"replies":[{"embeddable":true,"href":"https:\/\/www.univers-bd.fr\/index.php?rest_route=%2Fwp%2Fv2%2Fcomments&post=2017"}],"version-history":[{"count":1,"href":"https:\/\/www.univers-bd.fr\/index.php?rest_route=\/wp\/v2\/posts\/2017\/revisions"}],"predecessor-version":[{"id":2653,"href":"https:\/\/www.univers-bd.fr\/index.php?rest_route=\/wp\/v2\/posts\/2017\/revisions\/2653"}],"wp:attachment":[{"href":"https:\/\/www.univers-bd.fr\/index.php?rest_route=%2Fwp%2Fv2%2Fmedia&parent=2017"}],"wp:term":[{"taxonomy":"category","embeddable":true,"href":"https:\/\/www.univers-bd.fr\/index.php?rest_route=%2Fwp%2Fv2%2Fcategories&post=2017"},{"taxonomy":"post_tag","embeddable":true,"href":"https:\/\/www.univers-bd.fr\/index.php?rest_route=%2Fwp%2Fv2%2Ftags&post=2017"}],"curies":[{"name":"wp","href":"https:\/\/api.w.org\/{rel}","templated":true}]}}