{"id":2014,"date":"2022-05-10T22:05:00","date_gmt":"2022-05-10T20:05:00","guid":{"rendered":"https:\/\/www.univers-bd.fr\/?p=2014"},"modified":"2025-09-29T15:03:46","modified_gmt":"2025-09-29T13:03:46","slug":"mercredi-22-juin-dedicace-de-stanislas","status":"publish","type":"post","link":"https:\/\/www.univers-bd.fr\/?p=2014","title":{"rendered":"Mercredi 22 juin d\u00e9dicace de Stanislas"},"content":{"rendered":"<p>Mercredi 22 juin, de 16h \u00e0 18h\/19h, d\u00e9dicace de <strong>Stanislas<\/strong> pour <strong><em>Stanislas dessinateur T3<\/em><\/strong>.<\/p>\n<p>Comme d&#39;habitude, pour participer \u00e0 cette s\u00e9ance de d\u00e9dicace, n&#39;h\u00e9sitez pas \u00e0 appeler pour vous inscrire au 01 40 27 88 63&#8230;<\/p>\n<p>Pr\u00e9sentation de l&#39;\u00e9diteur :<\/p>\n<p><a class=\"asset-img-link\" href=\"https:\/\/yannicklejeune.blogs.com\/.a\/6a00d8341c501b53ef0282e158b759200b-pi\" style=\"float: left;\"><img decoding=\"async\" alt=\"Kq4e6k-front-shortedge-384\" class=\"asset  asset-image at-xid-6a00d8341c501b53ef0282e158b759200b img-responsive\" src=\"https:\/\/www.univers-bd.fr\/wp-content\/uploads\/2022\/05\/6a00d8341c501b53ef0282e158b759200b-200wi.jpg\" style=\"width: 165px; margin: 0px 5px 5px 0px;\" title=\"Kq4e6k-front-shortedge-384\" \/><\/a>Quand je pense au travail de Stanislas, des tonnes d\u2019images, qui ont colonis\u00e9 mon imaginaire d\u2019enfant, revivent sous les yeux avec la m\u00eame intensit\u00e9 que dans mon souvenir. Ad\u00e8le Blanc Sec avec ses plumes et son chapeau et les filles de papier de la Castafiore \u00e0 Barbarella, de Secotine \u00e0 Dina, toutes ont inspir\u00e9 ses craquantes h\u00e9ro\u00efnes. Ce gentleman dessinateur ne donne pas dans la parodie facile, mais avec un peu de magie, et, sous la fragilit\u00e9 apparente de son trait, il est bien le digne h\u00e9ritier d\u2019une famille de dessinateurs qui va de Saint-Ogan \u00e0 Herg\u00e9, de Jij\u00e9 \u00e0 Chaland. La synth\u00e8se de l\u2019\u00e9cole de Marcinelle et de celle du Lombard. En se plongeant dans ses dessins on se prend \u00e0 r\u00eaver d\u2019une \u00e9poque o\u00f9 les voitures seraient toujours bien carross\u00e9es, les demoiselles raffin\u00e9es, et les hommes toujours bien fagot\u00e9s. Ah que la vie para\u00eetrait plus belle si elle \u00e9tait dessin\u00e9e par Stanislas.<\/p>\n<p>&#0160;<\/p>\n","protected":false},"excerpt":{"rendered":"<p>Mercredi 22 juin, de 16h \u00e0 18h\/19h, d\u00e9dicace de Stanislas pour Stanislas dessinateur T3. Comme d&#39;habitude, pour participer \u00e0 cette s\u00e9ance de d\u00e9dicace, n&#39;h\u00e9sitez pas \u00e0 appeler pour vous inscrire au 01 40 27 88 63&#8230; Pr\u00e9sentation de l&#39;\u00e9diteur : Quand je pense au travail de Stanislas, des tonnes d\u2019images, qui ont colonis\u00e9 mon imaginaire [&hellip;]<\/p>\n","protected":false},"author":4,"featured_media":0,"comment_status":"closed","ping_status":"closed","sticky":false,"template":"","format":"standard","meta":{"footnotes":""},"categories":[2],"tags":[],"class_list":["post-2014","post","type-post","status-publish","format-standard","hentry","category-dedicaces-bd"],"_links":{"self":[{"href":"https:\/\/www.univers-bd.fr\/index.php?rest_route=\/wp\/v2\/posts\/2014","targetHints":{"allow":["GET"]}}],"collection":[{"href":"https:\/\/www.univers-bd.fr\/index.php?rest_route=\/wp\/v2\/posts"}],"about":[{"href":"https:\/\/www.univers-bd.fr\/index.php?rest_route=\/wp\/v2\/types\/post"}],"author":[{"embeddable":true,"href":"https:\/\/www.univers-bd.fr\/index.php?rest_route=\/wp\/v2\/users\/4"}],"replies":[{"embeddable":true,"href":"https:\/\/www.univers-bd.fr\/index.php?rest_route=%2Fwp%2Fv2%2Fcomments&post=2014"}],"version-history":[{"count":1,"href":"https:\/\/www.univers-bd.fr\/index.php?rest_route=\/wp\/v2\/posts\/2014\/revisions"}],"predecessor-version":[{"id":2647,"href":"https:\/\/www.univers-bd.fr\/index.php?rest_route=\/wp\/v2\/posts\/2014\/revisions\/2647"}],"wp:attachment":[{"href":"https:\/\/www.univers-bd.fr\/index.php?rest_route=%2Fwp%2Fv2%2Fmedia&parent=2014"}],"wp:term":[{"taxonomy":"category","embeddable":true,"href":"https:\/\/www.univers-bd.fr\/index.php?rest_route=%2Fwp%2Fv2%2Fcategories&post=2014"},{"taxonomy":"post_tag","embeddable":true,"href":"https:\/\/www.univers-bd.fr\/index.php?rest_route=%2Fwp%2Fv2%2Ftags&post=2014"}],"curies":[{"name":"wp","href":"https:\/\/api.w.org\/{rel}","templated":true}]}}