{"id":2011,"date":"2022-08-23T19:19:33","date_gmt":"2022-08-23T17:19:33","guid":{"rendered":"https:\/\/www.univers-bd.fr\/?p=2011"},"modified":"2025-09-29T15:03:43","modified_gmt":"2025-09-29T13:03:43","slug":"jeudi-8-septembre-dedicace-de-david-francois","status":"publish","type":"post","link":"https:\/\/www.univers-bd.fr\/?p=2011","title":{"rendered":"Jeudi 8 septembre, d\u00e9dicace de David Fran\u00e7ois"},"content":{"rendered":"<p>Jeudi 8 septembre, de 14h \u00e0 18h, d\u00e9dicace de <strong>David Fran\u00e7ois<\/strong> pour <strong><em>Chaplin T3<\/em><\/strong> \u00e9dition rue de s\u00e8vres.<\/p>\n<p>Comme d&#39;habitude, pour participer \u00e0 cette s\u00e9ance de d\u00e9dicace, n&#39;h\u00e9sitez pas \u00e0 appeler pour vous inscrire au 01 40 27 88 63&#8230;<\/p>\n<p>Pr\u00e9sentation de l&#39;\u00e9diteur :<\/p>\n<p><a class=\"asset-img-link\" href=\"https:\/\/yannicklejeune.blogs.com\/.a\/6a00d8341c501b53ef02a2eed23f60200d-pi\" style=\"float: left;\"><img decoding=\"async\" alt=\"9782369814658_1_75\" class=\"asset  asset-image at-xid-6a00d8341c501b53ef02a2eed23f60200d img-responsive\" src=\"https:\/\/www.univers-bd.fr\/wp-content\/uploads\/2022\/08\/6a00d8341c501b53ef02a2eed23f60200d-200wi.jpg\" style=\"width: 165px; margin: 0px 5px 5px 0px;\" title=\"9782369814658_1_75\" \/><\/a>Apr\u00e8s avoir connu ascension fulgurante, succ\u00e8s incontest\u00e9 et premiers \u00e9checs, Charlie Chaplin traverse, \u00e0 l&#39;aube de ses 40 ans, une p\u00e9riode de doutes. D\u00e9sint\u00e9ress\u00e9 par les louanges d&#39;Hollywood, et surtout marqu\u00e9 par la mis\u00e8re sociale et l&#39;instabilit\u00e9 politique grandissante, le prodige du cin\u00e9ma envisage de mettre un terme \u00e0 sa carri\u00e8re. C&#39;est sa rencontre avec l&#39;actrice Paulette Goddard qui lui donnera un nouveau souffle cr\u00e9atif et lui permettra de prendre le virage dont son oeuvre avait besoin. D\u00e9laissant la com\u00e9die au profit d&#39;un ton plus engag\u00e9, Chaplin s&#39;attelle \u00e0 ce qui resteront ses films les plus marquants : Les Temps Modernes et Le Dictateur.<\/p>\n","protected":false},"excerpt":{"rendered":"<p>Jeudi 8 septembre, de 14h \u00e0 18h, d\u00e9dicace de David Fran\u00e7ois pour Chaplin T3 \u00e9dition rue de s\u00e8vres. Comme d&#39;habitude, pour participer \u00e0 cette s\u00e9ance de d\u00e9dicace, n&#39;h\u00e9sitez pas \u00e0 appeler pour vous inscrire au 01 40 27 88 63&#8230; Pr\u00e9sentation de l&#39;\u00e9diteur : Apr\u00e8s avoir connu ascension fulgurante, succ\u00e8s incontest\u00e9 et premiers \u00e9checs, Charlie [&hellip;]<\/p>\n","protected":false},"author":4,"featured_media":0,"comment_status":"closed","ping_status":"closed","sticky":false,"template":"","format":"standard","meta":{"footnotes":""},"categories":[2],"tags":[],"class_list":["post-2011","post","type-post","status-publish","format-standard","hentry","category-dedicaces-bd"],"_links":{"self":[{"href":"https:\/\/www.univers-bd.fr\/index.php?rest_route=\/wp\/v2\/posts\/2011","targetHints":{"allow":["GET"]}}],"collection":[{"href":"https:\/\/www.univers-bd.fr\/index.php?rest_route=\/wp\/v2\/posts"}],"about":[{"href":"https:\/\/www.univers-bd.fr\/index.php?rest_route=\/wp\/v2\/types\/post"}],"author":[{"embeddable":true,"href":"https:\/\/www.univers-bd.fr\/index.php?rest_route=\/wp\/v2\/users\/4"}],"replies":[{"embeddable":true,"href":"https:\/\/www.univers-bd.fr\/index.php?rest_route=%2Fwp%2Fv2%2Fcomments&post=2011"}],"version-history":[{"count":1,"href":"https:\/\/www.univers-bd.fr\/index.php?rest_route=\/wp\/v2\/posts\/2011\/revisions"}],"predecessor-version":[{"id":2641,"href":"https:\/\/www.univers-bd.fr\/index.php?rest_route=\/wp\/v2\/posts\/2011\/revisions\/2641"}],"wp:attachment":[{"href":"https:\/\/www.univers-bd.fr\/index.php?rest_route=%2Fwp%2Fv2%2Fmedia&parent=2011"}],"wp:term":[{"taxonomy":"category","embeddable":true,"href":"https:\/\/www.univers-bd.fr\/index.php?rest_route=%2Fwp%2Fv2%2Fcategories&post=2011"},{"taxonomy":"post_tag","embeddable":true,"href":"https:\/\/www.univers-bd.fr\/index.php?rest_route=%2Fwp%2Fv2%2Ftags&post=2011"}],"curies":[{"name":"wp","href":"https:\/\/api.w.org\/{rel}","templated":true}]}}