{"id":1992,"date":"2023-10-20T19:07:00","date_gmt":"2023-10-20T17:07:00","guid":{"rendered":"https:\/\/www.univers-bd.fr\/?p=1992"},"modified":"2025-09-29T15:11:14","modified_gmt":"2025-09-29T13:11:14","slug":"mardi-14-novembre-dedicace-de-charles-berberian","status":"publish","type":"post","link":"https:\/\/www.univers-bd.fr\/?p=1992","title":{"rendered":"Mardi 14 novembre, d\u00e9dicace de Charles Berberian"},"content":{"rendered":"<p>Mardi 14 novembre, de 16h \u00e0 19h, d\u00e9dicace de <strong>Charles Berberian<\/strong> pour <strong><em>Une \u00e9ducation orientale<\/em><\/strong> \u00e9dition Casterman<\/p>\n<p>Comme d&#39;habitude, pour participer \u00e0 cette s\u00e9ance de d\u00e9dicace, n&#39;h\u00e9sitez pas \u00e0 appeler pour vous inscrire au 01 40 27 88 63&#8230;<\/p>\n<p>Pr\u00e9sentation de l&#39;\u00e9diteur :<\/p>\n<div class=\"Text Text--comic\"><a class=\"asset-img-link\" href=\"https:\/\/yannicklejeune.blogs.com\/.a\/6a00d8341c501b53ef02c8d3a0de49200b-pi\" style=\"float: left;\"><img decoding=\"async\" alt=\"9782203273610\" class=\"asset  asset-image at-xid-6a00d8341c501b53ef02c8d3a0de49200b img-responsive\" src=\"https:\/\/www.univers-bd.fr\/wp-content\/uploads\/2023\/10\/6a00d8341c501b53ef02c8d3a0de49200b-200wi.jpg\" style=\"width: 165px; margin: 0px 5px 5px 0px;\" title=\"9782203273610\" \/><\/a>Recomposer sa propre m\u00e9moire et celle des proches disparus tout en leur redonnant vie \u00e0 travers le dessin&#8230;<\/div>\n<div class=\"Text Text--comic\">Il n\u2019est sans doute pas facile de se d\u00e9finir lorsqu\u2019on est n\u00e9 \u00e0 Bagdad d\u2019une m\u00e8re d\u2019origine grecque et d\u2019un p\u00e8re arm\u00e9nien, et qu\u2019on a grandi \u00e0 Beyrouth jusqu\u2019\u00e0 l\u2019\u00e2ge de 10 ans, juste avant que n\u2019\u00e9clate la guerre civile au Liban&#8230; \u00c0 travers ses propres souvenirs et la reconstitution de son histoire familiale,&#0160;Charles Berberian&#0160;nous invite \u00e0 partager son retour aux origines, qui s\u2019impose comme le livre le plus intime et universel de toute son \u0153uvre. Un plaidoyer humaniste en faveur du dialogue entre les cultures, mis en images avec chaleur et g\u00e9n\u00e9rosit\u00e9.<\/div>\n","protected":false},"excerpt":{"rendered":"<p>Mardi 14 novembre, de 16h \u00e0 19h, d\u00e9dicace de Charles Berberian pour Une \u00e9ducation orientale \u00e9dition Casterman Comme d&#39;habitude, pour participer \u00e0 cette s\u00e9ance de d\u00e9dicace, n&#39;h\u00e9sitez pas \u00e0 appeler pour vous inscrire au 01 40 27 88 63&#8230; Pr\u00e9sentation de l&#39;\u00e9diteur : Recomposer sa propre m\u00e9moire et celle des proches disparus tout en leur [&hellip;]<\/p>\n","protected":false},"author":4,"featured_media":0,"comment_status":"closed","ping_status":"closed","sticky":false,"template":"","format":"standard","meta":{"footnotes":""},"categories":[2],"tags":[],"class_list":["post-1992","post","type-post","status-publish","format-standard","hentry","category-dedicaces-bd"],"_links":{"self":[{"href":"https:\/\/www.univers-bd.fr\/index.php?rest_route=\/wp\/v2\/posts\/1992","targetHints":{"allow":["GET"]}}],"collection":[{"href":"https:\/\/www.univers-bd.fr\/index.php?rest_route=\/wp\/v2\/posts"}],"about":[{"href":"https:\/\/www.univers-bd.fr\/index.php?rest_route=\/wp\/v2\/types\/post"}],"author":[{"embeddable":true,"href":"https:\/\/www.univers-bd.fr\/index.php?rest_route=\/wp\/v2\/users\/4"}],"replies":[{"embeddable":true,"href":"https:\/\/www.univers-bd.fr\/index.php?rest_route=%2Fwp%2Fv2%2Fcomments&post=1992"}],"version-history":[{"count":1,"href":"https:\/\/www.univers-bd.fr\/index.php?rest_route=\/wp\/v2\/posts\/1992\/revisions"}],"predecessor-version":[{"id":3667,"href":"https:\/\/www.univers-bd.fr\/index.php?rest_route=\/wp\/v2\/posts\/1992\/revisions\/3667"}],"wp:attachment":[{"href":"https:\/\/www.univers-bd.fr\/index.php?rest_route=%2Fwp%2Fv2%2Fmedia&parent=1992"}],"wp:term":[{"taxonomy":"category","embeddable":true,"href":"https:\/\/www.univers-bd.fr\/index.php?rest_route=%2Fwp%2Fv2%2Fcategories&post=1992"},{"taxonomy":"post_tag","embeddable":true,"href":"https:\/\/www.univers-bd.fr\/index.php?rest_route=%2Fwp%2Fv2%2Ftags&post=1992"}],"curies":[{"name":"wp","href":"https:\/\/api.w.org\/{rel}","templated":true}]}}