{"id":1988,"date":"2024-01-25T21:22:25","date_gmt":"2024-01-25T20:22:25","guid":{"rendered":"https:\/\/www.univers-bd.fr\/?p=1988"},"modified":"2025-09-29T15:03:29","modified_gmt":"2025-09-29T13:03:29","slug":"mercredi-28-fevrier-dedicace-de-libon","status":"publish","type":"post","link":"https:\/\/www.univers-bd.fr\/?p=1988","title":{"rendered":"Mercredi 28 f\u00e9vrier, d\u00e9dicace de Libon"},"content":{"rendered":"<p>Mercredi 28 f\u00e9vrier, de 17h \u00e0 19h, d\u00e9dicace de <strong>Libon<\/strong> pour <strong><em>Les cavaliers de l&#39;apocadispe &#8211; Tome 4 &#8211; en route vers l&#39;aventure<\/em><\/strong>, \u00e9ditions Dupuis.<\/p>\n<p>Comme d&#39;habitude, pour participer \u00e0 cette s\u00e9ance de d\u00e9dicace, n&#39;h\u00e9sitez pas \u00e0 appeler pour vous inscrire au 01 40 27 88 63&#8230;<\/p>\n<p>Pr\u00e9sentation de l&#39;\u00e9diteur :<\/p>\n<p><a class=\"asset-img-link\" href=\"https:\/\/yannicklejeune.blogs.com\/.a\/6a00d8341c501b53ef02c8d3a99bb5200d-pi\" style=\"float: left;\"><img decoding=\"async\" alt=\"Apo\" class=\"asset  asset-image at-xid-6a00d8341c501b53ef02c8d3a99bb5200d img-responsive\" src=\"https:\/\/www.univers-bd.fr\/wp-content\/uploads\/2024\/01\/6a00d8341c501b53ef02c8d3a99bb5200d-200wi.jpg\" style=\"width: 165px; margin: 0px 5px 5px 0px;\" title=\"Apo\" \/><\/a>La grosse aventure, elle peut d\u00e9marrer \u00e0 la campagne, \u00e0 l&#39;\u00e9cole, ou au d\u00e9tour de n&#39;importe quelle situation en apparence banale et s\u00e9curis\u00e9e&#0160;! C&#39;est ce que vont vous prouver&#0160;<em>Les Cavaliers de l&#39;apocadispe<\/em>&#0160;dans leurs nouvelles aventures, dont un r\u00e9cit de 30 pages ? une premi\u00e8re pour la s\u00e9rie&#0160;! ? o\u00f9 Ludo, J\u00e9 et Olive vont devoir voyager sans adultes afin de rallier la classe Poney dont ils ont rat\u00e9 le bus&#8230; Leurs seules armes&#0160;: un&#0160;<em>Manuel des ragondins malins<\/em>&#0160;mais surtout une inconscience totale et beaucoup d&#39;innocence&#0160;! Mais vous retrouverez aussi vos trois h\u00e9ros dans des r\u00e9cits plus courts et tout aussi enlev\u00e9s, dont&#0160;<em>Les Cavaliers de l&#39;apocadispe explorent le manoir<\/em>, paru en mini-r\u00e9cit dans&#0160;<em>Spirou<\/em>&#0160;en 2008. Un r\u00e9cit fondateur, redessin\u00e9 pour l&#39;occasion, tellement dr\u00f4le qu&#39;il donna imm\u00e9diatement envie \u00e0 la r\u00e9daction de poursuivre l&#39;aventure&#0160;!<\/p>\n","protected":false},"excerpt":{"rendered":"<p>Mercredi 28 f\u00e9vrier, de 17h \u00e0 19h, d\u00e9dicace de Libon pour Les cavaliers de l&#39;apocadispe &#8211; Tome 4 &#8211; en route vers l&#39;aventure, \u00e9ditions Dupuis. Comme d&#39;habitude, pour participer \u00e0 cette s\u00e9ance de d\u00e9dicace, n&#39;h\u00e9sitez pas \u00e0 appeler pour vous inscrire au 01 40 27 88 63&#8230; Pr\u00e9sentation de l&#39;\u00e9diteur : La grosse aventure, elle [&hellip;]<\/p>\n","protected":false},"author":4,"featured_media":0,"comment_status":"closed","ping_status":"closed","sticky":false,"template":"","format":"standard","meta":{"footnotes":""},"categories":[2],"tags":[],"class_list":["post-1988","post","type-post","status-publish","format-standard","hentry","category-dedicaces-bd"],"_links":{"self":[{"href":"https:\/\/www.univers-bd.fr\/index.php?rest_route=\/wp\/v2\/posts\/1988","targetHints":{"allow":["GET"]}}],"collection":[{"href":"https:\/\/www.univers-bd.fr\/index.php?rest_route=\/wp\/v2\/posts"}],"about":[{"href":"https:\/\/www.univers-bd.fr\/index.php?rest_route=\/wp\/v2\/types\/post"}],"author":[{"embeddable":true,"href":"https:\/\/www.univers-bd.fr\/index.php?rest_route=\/wp\/v2\/users\/4"}],"replies":[{"embeddable":true,"href":"https:\/\/www.univers-bd.fr\/index.php?rest_route=%2Fwp%2Fv2%2Fcomments&post=1988"}],"version-history":[{"count":1,"href":"https:\/\/www.univers-bd.fr\/index.php?rest_route=\/wp\/v2\/posts\/1988\/revisions"}],"predecessor-version":[{"id":2599,"href":"https:\/\/www.univers-bd.fr\/index.php?rest_route=\/wp\/v2\/posts\/1988\/revisions\/2599"}],"wp:attachment":[{"href":"https:\/\/www.univers-bd.fr\/index.php?rest_route=%2Fwp%2Fv2%2Fmedia&parent=1988"}],"wp:term":[{"taxonomy":"category","embeddable":true,"href":"https:\/\/www.univers-bd.fr\/index.php?rest_route=%2Fwp%2Fv2%2Fcategories&post=1988"},{"taxonomy":"post_tag","embeddable":true,"href":"https:\/\/www.univers-bd.fr\/index.php?rest_route=%2Fwp%2Fv2%2Ftags&post=1988"}],"curies":[{"name":"wp","href":"https:\/\/api.w.org\/{rel}","templated":true}]}}