{"id":1983,"date":"2024-09-02T23:02:38","date_gmt":"2024-09-02T21:02:38","guid":{"rendered":"https:\/\/www.univers-bd.fr\/?p=1983"},"modified":"2025-09-29T15:03:26","modified_gmt":"2025-09-29T13:03:26","slug":"mercredi-11-septembre-dedicace-de-emilio-van-der-zuiden","status":"publish","type":"post","link":"https:\/\/www.univers-bd.fr\/?p=1983","title":{"rendered":"Mercredi 11 septembre, d\u00e9dicace de Emilio Van Der Zuiden"},"content":{"rendered":"<p>Mercredi 11 septembre, de 15h \u00e0 19h, d\u00e9dicace de <strong>Emilio Van Der Zuiden<\/strong> pour <em>La fille du puisatier<\/em>, \u00e9dition Grand Angle.<\/p>\n<p>Comme d&#39;habitude, pour participer \u00e0 cette s\u00e9ance de d\u00e9dicace, n&#39;h\u00e9sitez pas \u00e0 appeler pour vous inscrire au 01 40 27 88 63&#8230;<\/p>\n<p>Pr\u00e9sentation de l&#39;\u00e9diteur :<\/p>\n<p><a class=\"asset-img-link\" href=\"https:\/\/yannicklejeune.blogs.com\/.a\/6a00d8341c501b53ef02c8d3baec0d200c-pi\" style=\"float: left;\"><img decoding=\"async\" alt=\"9791041104086_cg\" class=\"asset  asset-image at-xid-6a00d8341c501b53ef02c8d3baec0d200c img-responsive\" src=\"https:\/\/www.univers-bd.fr\/wp-content\/uploads\/2024\/09\/6a00d8341c501b53ef02c8d3baec0d200c-200wi.jpg\" style=\"width: 165px; margin: 0px 5px 5px 0px;\" title=\"9791041104086_cg\" \/><\/a>C&#39;est pas une fille, c&#39;est un tr\u00e9sor que le bon Dieu m&#39;a donn\u00e9. Provence, 1939. La belle Patricia est la fille a\u00een\u00e9e de Pascal Amoretti, le puisatier du village, veuf aux principes rigides qui \u00e9l\u00e8ve seul ses six filles. \u00c0 ses 18 ans, la jeune fille s&#39;\u00e9prend de Jacques Mazel, un bel et brillant aviateur. Mais le jeune homme est soudainement mobilis\u00e9 par la guerre et part sans savoir que Patricia est enceinte. Chass\u00e9e par son p\u00e8re et humili\u00e9e par la famille Mazel, la future maman se r\u00e9fugie chez une tante. Lorsque Patricia&#8230;<\/p>\n","protected":false},"excerpt":{"rendered":"<p>Mercredi 11 septembre, de 15h \u00e0 19h, d\u00e9dicace de Emilio Van Der Zuiden pour La fille du puisatier, \u00e9dition Grand Angle. Comme d&#39;habitude, pour participer \u00e0 cette s\u00e9ance de d\u00e9dicace, n&#39;h\u00e9sitez pas \u00e0 appeler pour vous inscrire au 01 40 27 88 63&#8230; Pr\u00e9sentation de l&#39;\u00e9diteur : C&#39;est pas une fille, c&#39;est un tr\u00e9sor que [&hellip;]<\/p>\n","protected":false},"author":4,"featured_media":0,"comment_status":"closed","ping_status":"closed","sticky":false,"template":"","format":"standard","meta":{"footnotes":""},"categories":[2],"tags":[],"class_list":["post-1983","post","type-post","status-publish","format-standard","hentry","category-dedicaces-bd"],"_links":{"self":[{"href":"https:\/\/www.univers-bd.fr\/index.php?rest_route=\/wp\/v2\/posts\/1983","targetHints":{"allow":["GET"]}}],"collection":[{"href":"https:\/\/www.univers-bd.fr\/index.php?rest_route=\/wp\/v2\/posts"}],"about":[{"href":"https:\/\/www.univers-bd.fr\/index.php?rest_route=\/wp\/v2\/types\/post"}],"author":[{"embeddable":true,"href":"https:\/\/www.univers-bd.fr\/index.php?rest_route=\/wp\/v2\/users\/4"}],"replies":[{"embeddable":true,"href":"https:\/\/www.univers-bd.fr\/index.php?rest_route=%2Fwp%2Fv2%2Fcomments&post=1983"}],"version-history":[{"count":1,"href":"https:\/\/www.univers-bd.fr\/index.php?rest_route=\/wp\/v2\/posts\/1983\/revisions"}],"predecessor-version":[{"id":2590,"href":"https:\/\/www.univers-bd.fr\/index.php?rest_route=\/wp\/v2\/posts\/1983\/revisions\/2590"}],"wp:attachment":[{"href":"https:\/\/www.univers-bd.fr\/index.php?rest_route=%2Fwp%2Fv2%2Fmedia&parent=1983"}],"wp:term":[{"taxonomy":"category","embeddable":true,"href":"https:\/\/www.univers-bd.fr\/index.php?rest_route=%2Fwp%2Fv2%2Fcategories&post=1983"},{"taxonomy":"post_tag","embeddable":true,"href":"https:\/\/www.univers-bd.fr\/index.php?rest_route=%2Fwp%2Fv2%2Ftags&post=1983"}],"curies":[{"name":"wp","href":"https:\/\/api.w.org\/{rel}","templated":true}]}}