{"id":1978,"date":"2024-09-20T19:28:38","date_gmt":"2024-09-20T17:28:38","guid":{"rendered":"https:\/\/www.univers-bd.fr\/?p=1978"},"modified":"2025-09-29T15:03:22","modified_gmt":"2025-09-29T13:03:22","slug":"mercredi-30-octobre-dedicace-de-j-jurion","status":"publish","type":"post","link":"https:\/\/www.univers-bd.fr\/?p=1978","title":{"rendered":"Mercredi 30 octobre, d\u00e9dicace de \u00a0J. Jurion"},"content":{"rendered":"<p>Mercredi 30 octobre, de 15h \u00e0 19h, d\u00e9dicace de <strong>J. Jurion<\/strong> pour <em>KLAW t15<\/em> \u00e9dition le lombard et pour <em>Masques<\/em> \u00e9dition le lombard<\/p>\n<p>Comme d&#39;habitude, pour participer \u00e0 cette s\u00e9ance de d\u00e9dicace, n&#39;h\u00e9sitez pas \u00e0 appeler pour vous inscrire au 01 40 27 88 63&#8230;<\/p>\n<p>Pr\u00e9sentation de l&#39;\u00e9diteur :<\/p>\n<p><a class=\"asset-img-link\" href=\"https:\/\/yannicklejeune.blogs.com\/.a\/6a00d8341c501b53ef02c8d3bd26c0200c-pi\" style=\"float: left;\"><img decoding=\"async\" alt=\"Bd\" class=\"asset  asset-image at-xid-6a00d8341c501b53ef02c8d3bd26c0200c img-responsive\" src=\"https:\/\/www.univers-bd.fr\/wp-content\/uploads\/2024\/09\/6a00d8341c501b53ef02c8d3bd26c0200c-200wi.jpg\" style=\"width: 165px; margin: 0px 5px 5px 0px;\" title=\"Bd\" \/><\/a>Le futur d&#39;Ange semble radieux : fianc\u00e9 \u00e0 Makda, il a en outre trouv\u00e9 le moyen de mettre fin \u00e0 la guerre des Dhizis. Il n&#39;a plus qu&#39;\u00e0 conclure un pacte avec son futur beau-p\u00e8re Lupka, et tout devrait aller pour le mieux. Mais est-ce que les choses peuvent jamais bien se passer entre un beau-p\u00e8re et son gendre ? Surtout quand ledit beau-p\u00e8re est un psychopathe de la pire esp\u00e8ce ? Ange devrait pourtant avoir l&#39;habitude d&#39;\u00eatre trahi par les siens. C&#39;est une tradition familiale qui remonte&#8230;<\/p>\n<p>&#0160;<\/p>\n<p>&#0160;<\/p>\n<p>&#0160;<\/p>\n<p>&#0160;<\/p>\n<p>&#0160;<\/p>\n<p>&#0160;<\/p>\n<p><a class=\"asset-img-link\" href=\"https:\/\/yannicklejeune.blogs.com\/.a\/6a00d8341c501b53ef02c8d3c0ace2200b-pi\" style=\"float: left;\"><span style=\"color: #000000;\"> <a class=\"asset-img-link\" href=\"https:\/\/yannicklejeune.blogs.com\/.a\/6a00d8341c501b53ef02c8d3c0ace7200b-pi\" style=\"float: left;\"><img decoding=\"async\" alt=\"Masques-le-masque-sans-visage\" class=\"asset  asset-image at-xid-6a00d8341c501b53ef02c8d3c0ace7200b img-responsive\" src=\"https:\/\/www.univers-bd.fr\/wp-content\/uploads\/2024\/09\/6a00d8341c501b53ef02c8d3c0ace7200b-200wi.jpg\" style=\"width: 165px; margin: 0px 5px 5px 0px;\" title=\"Masques-le-masque-sans-visage\" \/><\/a>Al, Siera et Hector n&#39;avaient rien en commun jusqu&#39;\u00e0 ce que des masques fassent irruption dans leurs vies. Des masques antiques qui leur conf\u00e8rent des pouvoirs d\u00e9fiant l&#39;imagination. Comment g\u00e9rer un tel don quand on a quinze ans et d&#39;autres probl\u00e8mes en t\u00eate ? Pourquoi ont-ils \u00e9t\u00e9 choisis ?<\/span><\/a>Pas le temps de se poser trop de questions, un masque puissant est tomb\u00e9 dans de mauvaises mains. Il va falloir s&#39;allier et le r\u00e9cup\u00e9rer avant qu&#39;il ne soit trop tard\u2026<\/p>\n","protected":false},"excerpt":{"rendered":"<p>Mercredi 30 octobre, de 15h \u00e0 19h, d\u00e9dicace de J. Jurion pour KLAW t15 \u00e9dition le lombard et pour Masques \u00e9dition le lombard Comme d&#39;habitude, pour participer \u00e0 cette s\u00e9ance de d\u00e9dicace, n&#39;h\u00e9sitez pas \u00e0 appeler pour vous inscrire au 01 40 27 88 63&#8230; Pr\u00e9sentation de l&#39;\u00e9diteur : Le futur d&#39;Ange semble radieux : [&hellip;]<\/p>\n","protected":false},"author":4,"featured_media":0,"comment_status":"closed","ping_status":"closed","sticky":false,"template":"","format":"standard","meta":{"footnotes":""},"categories":[2],"tags":[],"class_list":["post-1978","post","type-post","status-publish","format-standard","hentry","category-dedicaces-bd"],"_links":{"self":[{"href":"https:\/\/www.univers-bd.fr\/index.php?rest_route=\/wp\/v2\/posts\/1978","targetHints":{"allow":["GET"]}}],"collection":[{"href":"https:\/\/www.univers-bd.fr\/index.php?rest_route=\/wp\/v2\/posts"}],"about":[{"href":"https:\/\/www.univers-bd.fr\/index.php?rest_route=\/wp\/v2\/types\/post"}],"author":[{"embeddable":true,"href":"https:\/\/www.univers-bd.fr\/index.php?rest_route=\/wp\/v2\/users\/4"}],"replies":[{"embeddable":true,"href":"https:\/\/www.univers-bd.fr\/index.php?rest_route=%2Fwp%2Fv2%2Fcomments&post=1978"}],"version-history":[{"count":1,"href":"https:\/\/www.univers-bd.fr\/index.php?rest_route=\/wp\/v2\/posts\/1978\/revisions"}],"predecessor-version":[{"id":2580,"href":"https:\/\/www.univers-bd.fr\/index.php?rest_route=\/wp\/v2\/posts\/1978\/revisions\/2580"}],"wp:attachment":[{"href":"https:\/\/www.univers-bd.fr\/index.php?rest_route=%2Fwp%2Fv2%2Fmedia&parent=1978"}],"wp:term":[{"taxonomy":"category","embeddable":true,"href":"https:\/\/www.univers-bd.fr\/index.php?rest_route=%2Fwp%2Fv2%2Fcategories&post=1978"},{"taxonomy":"post_tag","embeddable":true,"href":"https:\/\/www.univers-bd.fr\/index.php?rest_route=%2Fwp%2Fv2%2Ftags&post=1978"}],"curies":[{"name":"wp","href":"https:\/\/api.w.org\/{rel}","templated":true}]}}