{"id":1977,"date":"2024-11-12T18:49:02","date_gmt":"2024-11-12T17:49:02","guid":{"rendered":"https:\/\/www.univers-bd.fr\/?p=1977"},"modified":"2025-09-29T15:03:21","modified_gmt":"2025-09-29T13:03:21","slug":"mercredi-27-novembre-dedicace-de-ulric-stahl","status":"publish","type":"post","link":"https:\/\/www.univers-bd.fr\/?p=1977","title":{"rendered":"Mercredi 27 novembre, d\u00e9dicace de Ulric Stahl"},"content":{"rendered":"<p>Mercredi 27 novembre, de 15h \u00e0 18h, d\u00e9dicace de <strong>Ulric Stahl<\/strong> pour<strong><em> Terminus Pogo<\/em><\/strong> \u00e9dition Jarjille.<\/p>\n<p>Comme d&#39;habitude, pour participer \u00e0 cette s\u00e9ance de d\u00e9dicace, n&#39;h\u00e9sitez pas \u00e0 appeler pour vous inscrire au 01 40 27 88 63&#8230;<\/p>\n<p>Pr\u00e9sentation de l&#39;\u00e9diteur :<\/p>\n<p><a class=\"asset-img-link\" href=\"https:\/\/yannicklejeune.blogs.com\/.a\/6a00d8341c501b53ef02c8d3c3583b200c-pi\" style=\"float: left;\"><\/a> <a class=\"asset-img-link\" href=\"https:\/\/yannicklejeune.blogs.com\/.a\/6a00d8341c501b53ef02e860d9d89b200b-pi\" style=\"float: left;\"><img decoding=\"async\" alt=\"9782493649188\" class=\"asset  asset-image at-xid-6a00d8341c501b53ef02e860d9d89b200b img-responsive\" src=\"https:\/\/www.univers-bd.fr\/wp-content\/uploads\/2024\/11\/6a00d8341c501b53ef02e860d9d89b200b-200wi.jpg\" style=\"width: 165px; margin: 0px 5px 5px 0px;\" title=\"9782493649188\" \/><\/a>Dans les ann\u00e9es 1980, Arnaud, Rachid et Gilles vivent leur dernier \u00e9t\u00e9 d&#39;insouciance avant d&#39;entamer la vie active. Alors qu&#39;ils pr\u00e9voient des vacances faites de concerts punks, de bi\u00e8res et de joints, le trio est vite surpris par la tournure des \u00e9v\u00e9nements.<\/p>\n","protected":false},"excerpt":{"rendered":"<p>Mercredi 27 novembre, de 15h \u00e0 18h, d\u00e9dicace de Ulric Stahl pour Terminus Pogo \u00e9dition Jarjille. Comme d&#39;habitude, pour participer \u00e0 cette s\u00e9ance de d\u00e9dicace, n&#39;h\u00e9sitez pas \u00e0 appeler pour vous inscrire au 01 40 27 88 63&#8230; Pr\u00e9sentation de l&#39;\u00e9diteur : Dans les ann\u00e9es 1980, Arnaud, Rachid et Gilles vivent leur dernier \u00e9t\u00e9 d&#39;insouciance [&hellip;]<\/p>\n","protected":false},"author":4,"featured_media":0,"comment_status":"closed","ping_status":"closed","sticky":false,"template":"","format":"standard","meta":{"footnotes":""},"categories":[2],"tags":[],"class_list":["post-1977","post","type-post","status-publish","format-standard","hentry","category-dedicaces-bd"],"_links":{"self":[{"href":"https:\/\/www.univers-bd.fr\/index.php?rest_route=\/wp\/v2\/posts\/1977","targetHints":{"allow":["GET"]}}],"collection":[{"href":"https:\/\/www.univers-bd.fr\/index.php?rest_route=\/wp\/v2\/posts"}],"about":[{"href":"https:\/\/www.univers-bd.fr\/index.php?rest_route=\/wp\/v2\/types\/post"}],"author":[{"embeddable":true,"href":"https:\/\/www.univers-bd.fr\/index.php?rest_route=\/wp\/v2\/users\/4"}],"replies":[{"embeddable":true,"href":"https:\/\/www.univers-bd.fr\/index.php?rest_route=%2Fwp%2Fv2%2Fcomments&post=1977"}],"version-history":[{"count":1,"href":"https:\/\/www.univers-bd.fr\/index.php?rest_route=\/wp\/v2\/posts\/1977\/revisions"}],"predecessor-version":[{"id":2577,"href":"https:\/\/www.univers-bd.fr\/index.php?rest_route=\/wp\/v2\/posts\/1977\/revisions\/2577"}],"wp:attachment":[{"href":"https:\/\/www.univers-bd.fr\/index.php?rest_route=%2Fwp%2Fv2%2Fmedia&parent=1977"}],"wp:term":[{"taxonomy":"category","embeddable":true,"href":"https:\/\/www.univers-bd.fr\/index.php?rest_route=%2Fwp%2Fv2%2Fcategories&post=1977"},{"taxonomy":"post_tag","embeddable":true,"href":"https:\/\/www.univers-bd.fr\/index.php?rest_route=%2Fwp%2Fv2%2Ftags&post=1977"}],"curies":[{"name":"wp","href":"https:\/\/api.w.org\/{rel}","templated":true}]}}