{"id":1975,"date":"2025-01-16T20:49:17","date_gmt":"2025-01-16T19:49:17","guid":{"rendered":"https:\/\/www.univers-bd.fr\/?p=1975"},"modified":"2025-09-29T15:03:20","modified_gmt":"2025-09-29T13:03:20","slug":"mercredi-12-fevrier-dedicace-de-pierre-alary","status":"publish","type":"post","link":"https:\/\/www.univers-bd.fr\/?p=1975","title":{"rendered":"Mercredi 12 f\u00e9vrier, d\u00e9dicace de Pierre Alary"},"content":{"rendered":"<p>Mercredi 12 f\u00e9vrier, de 15h \u00e0 19h, d\u00e9dicace de <strong>Pierre Alary<\/strong> pour <strong><em>Gone with the wind T2<\/em><\/strong> \u00e9dition Rue de S\u00e8vres<\/p>\n<p>Comme d&#39;habitude, pour participer \u00e0 cette s\u00e9ance de d\u00e9dicace, n&#39;h\u00e9sitez pas \u00e0 appeler pour vous inscrire au 01 40 27 88 63&#8230;<\/p>\n<p>Pr\u00e9sentation de l&#39;\u00e9diteur :<\/p>\n<p><a class=\"asset-img-link\" href=\"https:\/\/yannicklejeune.blogs.com\/.a\/6a00d8341c501b53ef02c8d3c96713200c-pi\" style=\"float: left;\"><img decoding=\"async\" alt=\"Gone-with-the-wind-T2\" class=\"asset  asset-image at-xid-6a00d8341c501b53ef02c8d3c96713200c img-responsive\" src=\"https:\/\/www.univers-bd.fr\/wp-content\/uploads\/2025\/01\/6a00d8341c501b53ef02c8d3c96713200c-200wi.jpg\" style=\"width: 165px; margin: 0px 5px 5px 0px;\" title=\"Gone-with-the-wind-T2\" \/><\/a><a class=\"asset-img-link\" href=\"https:\/\/yannicklejeune.blogs.com\/.a\/6a00d8341c501b53ef02e860dffb11200b-pi\" style=\"float: left;\"><\/a>Suite et fin de la tourbillonnante histoire de Scarlett O&#39;Hara, dont le caract\u00e8re intr\u00e9pide et la passion amoureuse avec Rhett Butler auront transport\u00e9 des millions de lecteurs \u00e0 travers le monde. Avec ce deuxi\u00e8me volume, Pierre Alary met le point final \u00e0 une \u0153uvre prenante permettant de red\u00e9couvrir l&#39;\u0153uvre de Margaret Mitchell sous son plus bel \u00e9clat.<\/p>\n","protected":false},"excerpt":{"rendered":"<p>Mercredi 12 f\u00e9vrier, de 15h \u00e0 19h, d\u00e9dicace de Pierre Alary pour Gone with the wind T2 \u00e9dition Rue de S\u00e8vres Comme d&#39;habitude, pour participer \u00e0 cette s\u00e9ance de d\u00e9dicace, n&#39;h\u00e9sitez pas \u00e0 appeler pour vous inscrire au 01 40 27 88 63&#8230; Pr\u00e9sentation de l&#39;\u00e9diteur : Suite et fin de la tourbillonnante histoire de [&hellip;]<\/p>\n","protected":false},"author":4,"featured_media":0,"comment_status":"closed","ping_status":"closed","sticky":false,"template":"","format":"standard","meta":{"footnotes":""},"categories":[2],"tags":[],"class_list":["post-1975","post","type-post","status-publish","format-standard","hentry","category-dedicaces-bd"],"_links":{"self":[{"href":"https:\/\/www.univers-bd.fr\/index.php?rest_route=\/wp\/v2\/posts\/1975","targetHints":{"allow":["GET"]}}],"collection":[{"href":"https:\/\/www.univers-bd.fr\/index.php?rest_route=\/wp\/v2\/posts"}],"about":[{"href":"https:\/\/www.univers-bd.fr\/index.php?rest_route=\/wp\/v2\/types\/post"}],"author":[{"embeddable":true,"href":"https:\/\/www.univers-bd.fr\/index.php?rest_route=\/wp\/v2\/users\/4"}],"replies":[{"embeddable":true,"href":"https:\/\/www.univers-bd.fr\/index.php?rest_route=%2Fwp%2Fv2%2Fcomments&post=1975"}],"version-history":[{"count":1,"href":"https:\/\/www.univers-bd.fr\/index.php?rest_route=\/wp\/v2\/posts\/1975\/revisions"}],"predecessor-version":[{"id":2573,"href":"https:\/\/www.univers-bd.fr\/index.php?rest_route=\/wp\/v2\/posts\/1975\/revisions\/2573"}],"wp:attachment":[{"href":"https:\/\/www.univers-bd.fr\/index.php?rest_route=%2Fwp%2Fv2%2Fmedia&parent=1975"}],"wp:term":[{"taxonomy":"category","embeddable":true,"href":"https:\/\/www.univers-bd.fr\/index.php?rest_route=%2Fwp%2Fv2%2Fcategories&post=1975"},{"taxonomy":"post_tag","embeddable":true,"href":"https:\/\/www.univers-bd.fr\/index.php?rest_route=%2Fwp%2Fv2%2Ftags&post=1975"}],"curies":[{"name":"wp","href":"https:\/\/api.w.org\/{rel}","templated":true}]}}