{"id":1974,"date":"2025-01-17T18:24:00","date_gmt":"2025-01-17T17:24:00","guid":{"rendered":"https:\/\/www.univers-bd.fr\/?p=1974"},"modified":"2025-09-29T15:03:19","modified_gmt":"2025-09-29T13:03:19","slug":"mercredi-19-fevrier-dedicace-de-andre-taymans","status":"publish","type":"post","link":"https:\/\/www.univers-bd.fr\/?p=1974","title":{"rendered":"Mercredi 19 f\u00e9vrier, d\u00e9dicace de Andr\u00e9 Taymans"},"content":{"rendered":"<p>Mercredi 19 f\u00e9vrier, de 15h \u00e0 19h, d\u00e9dicace de <strong>Andr\u00e9 Taymans<\/strong> pour<strong><em> DON la madone des atolls<\/em><\/strong> \u00e9ditions du tiroir.<\/p>\n<p>Comme d&#39;habitude, pour participer \u00e0 cette s\u00e9ance de d\u00e9dicace, n&#39;h\u00e9sitez pas \u00e0 appeler pour vous inscrire au 01 40 27 88 63&#8230;<\/p>\n<p>Pr\u00e9sentation de l&#39;\u00e9diteur :<\/p>\n<p><a class=\"asset-img-link\" href=\"https:\/\/yannicklejeune.blogs.com\/.a\/6a00d8341c501b53ef02e860e11746200b-pi\" style=\"float: left;\"><img decoding=\"async\" alt=\"F878b941-ec1b-4122-807d-e516878f8e7b\" class=\"asset  asset-image at-xid-6a00d8341c501b53ef02e860e11746200b img-responsive\" src=\"https:\/\/www.univers-bd.fr\/wp-content\/uploads\/2025\/01\/6a00d8341c501b53ef02e860e11746200b-200wi.jpg\" style=\"width: 165px; margin: 0px 5px 5px 0px;\" title=\"F878b941-ec1b-4122-807d-e516878f8e7b\" \/><\/a><a class=\"asset-img-link\" href=\"https:\/\/yannicklejeune.blogs.com\/.a\/6a00d8341c501b53ef02e860f82d33200d-pi\" style=\"float: left;\"><\/a><a class=\"asset-img-link\" href=\"https:\/\/yannicklejeune.blogs.com\/.a\/6a00d8341c501b53ef02e860f82d2e200d-pi\" style=\"float: left;\"><\/a><a class=\"asset-img-link\" href=\"https:\/\/yannicklejeune.blogs.com\/.a\/6a00d8341c501b53ef02c8d3ca7dd7200c-pi\" style=\"float: left;\"><\/a>Le retour de Don avec &quot;La Madone des Atolls&quot;, une novella (ou roman court), \u00e9crite et illustr\u00e9e par Andr\u00e9 Taymans et Henri Vernes. In\u00e9dit !<\/p>\n","protected":false},"excerpt":{"rendered":"<p>Mercredi 19 f\u00e9vrier, de 15h \u00e0 19h, d\u00e9dicace de Andr\u00e9 Taymans pour DON la madone des atolls \u00e9ditions du tiroir. Comme d&#39;habitude, pour participer \u00e0 cette s\u00e9ance de d\u00e9dicace, n&#39;h\u00e9sitez pas \u00e0 appeler pour vous inscrire au 01 40 27 88 63&#8230; Pr\u00e9sentation de l&#39;\u00e9diteur : Le retour de Don avec &quot;La Madone des Atolls&quot;, [&hellip;]<\/p>\n","protected":false},"author":4,"featured_media":0,"comment_status":"closed","ping_status":"closed","sticky":false,"template":"","format":"standard","meta":{"footnotes":""},"categories":[2],"tags":[],"class_list":["post-1974","post","type-post","status-publish","format-standard","hentry","category-dedicaces-bd"],"_links":{"self":[{"href":"https:\/\/www.univers-bd.fr\/index.php?rest_route=\/wp\/v2\/posts\/1974","targetHints":{"allow":["GET"]}}],"collection":[{"href":"https:\/\/www.univers-bd.fr\/index.php?rest_route=\/wp\/v2\/posts"}],"about":[{"href":"https:\/\/www.univers-bd.fr\/index.php?rest_route=\/wp\/v2\/types\/post"}],"author":[{"embeddable":true,"href":"https:\/\/www.univers-bd.fr\/index.php?rest_route=\/wp\/v2\/users\/4"}],"replies":[{"embeddable":true,"href":"https:\/\/www.univers-bd.fr\/index.php?rest_route=%2Fwp%2Fv2%2Fcomments&post=1974"}],"version-history":[{"count":1,"href":"https:\/\/www.univers-bd.fr\/index.php?rest_route=\/wp\/v2\/posts\/1974\/revisions"}],"predecessor-version":[{"id":2571,"href":"https:\/\/www.univers-bd.fr\/index.php?rest_route=\/wp\/v2\/posts\/1974\/revisions\/2571"}],"wp:attachment":[{"href":"https:\/\/www.univers-bd.fr\/index.php?rest_route=%2Fwp%2Fv2%2Fmedia&parent=1974"}],"wp:term":[{"taxonomy":"category","embeddable":true,"href":"https:\/\/www.univers-bd.fr\/index.php?rest_route=%2Fwp%2Fv2%2Fcategories&post=1974"},{"taxonomy":"post_tag","embeddable":true,"href":"https:\/\/www.univers-bd.fr\/index.php?rest_route=%2Fwp%2Fv2%2Ftags&post=1974"}],"curies":[{"name":"wp","href":"https:\/\/api.w.org\/{rel}","templated":true}]}}