{"id":1971,"date":"2025-01-22T18:39:00","date_gmt":"2025-01-22T17:39:00","guid":{"rendered":"https:\/\/www.univers-bd.fr\/?p=1971"},"modified":"2025-09-29T15:03:16","modified_gmt":"2025-09-29T13:03:16","slug":"samedi-12-avril-dedicace-de-jean-philippe-peyraud","status":"publish","type":"post","link":"https:\/\/www.univers-bd.fr\/?p=1971","title":{"rendered":"Samedi 12 avril, d\u00e9dicace de Jean-Philippe Peyraud"},"content":{"rendered":"<p>Samedi 12 avril, de 15h \u00e0 18h, d\u00e9dicace de Jean-Philippe Peyraud pour premi\u00e8re dame \u00e9dition Gl\u00e9nat<\/p>\n<p>Comme d&#39;habitude, pour participer \u00e0 cette s\u00e9ance de d\u00e9dicace, n&#39;h\u00e9sitez pas \u00e0 appeler pour vous inscrire au 01 40 27 88 63&#8230;<\/p>\n<p>Pr\u00e9sentation de l&#39;\u00e9diteur :<\/p>\n<p><strong>Remue-m\u00e9nage \u00e0 l\u2019\u00c9lys\u00e9e&#0160;: et si la premi\u00e8re dame d\u00e9tenait&#0160;le v\u00e9ritable pouvoir&#0160;?<\/strong><\/p>\n<p><a class=\"asset-img-link\" href=\"https:\/\/yannicklejeune.blogs.com\/.a\/6a00d8341c501b53ef02c8d3ce29d7200c-pi\" style=\"float: left;\"><img decoding=\"async\" alt=\"Ccccccc\" class=\"asset  asset-image at-xid-6a00d8341c501b53ef02c8d3ce29d7200c img-responsive\" src=\"https:\/\/www.univers-bd.fr\/wp-content\/uploads\/2025\/01\/6a00d8341c501b53ef02c8d3ce29d7200c-200wi.jpg\" style=\"width: 165px; margin: 0px 5px 5px 0px;\" title=\"Ccccccc\" \/><\/a>Le pr\u00e9sident Thierry Langlois traverse une p\u00e9riode d\u00e9licate&#8230; \u00c0 un an des \u00e9lections, sa cote de popularit\u00e9 est en chute libre. Alors qu\u2019il est au plus bas dans les sondages, son ex-femme vient d\u2019entamer l\u2019\u00e9criture d\u2019un livre sanglant, tandis que son propre ministre de l\u2019Int\u00e9rieur ne rate pas une occasion pour se mettre en avant. Mais pas de panique, ses conseillers ont un plan&#0160;: lui trouver la \u00ab&#0160;premi\u00e8re dame&#0160;\u00bb capable de redorer son image. Une ex-Miss France serait une candidate id\u00e9ale. Mais ils n\u2019avaient pas pr\u00e9vu que le pr\u00e9sident allait bient\u00f4t faire une rencontre improbable, celle de Victoria Coraly&#0160;! Quand Victoria, \u00e9g\u00e9rie du cin\u00e9ma d\u2019auteur ind\u00e9pendant s\u2019engage en faveur de la cause des migrants, M. le pr\u00e9sident n\u2019a que faire de la mis\u00e8re du monde, surtout en ce moment\u2026&#0160; Quand Victoria, lutte pour des \u0153uvres de charit\u00e9, M. le pr\u00e9sident pr\u00e9f\u00e8re les soir\u00e9es d\u2019inauguration. A priori, tout oppose ces deux-l\u00e0&#0160;! Et Victoria, militante, n\u2019a aucune intention de se laisser charmer&#0160;par un homme qui va \u00e0 l\u2019encontre de ses valeurs&#0160;! Alors que le c\u0153ur du pr\u00e9sident s\u2019emballe, Victoria va se retrouver propuls\u00e9e au-devant de la sc\u00e8ne par un concours de circonstances aussi hasardeux que rocambolesque. En acceptant d\u2019endosser ce \u00ab&#0160;r\u00f4le de composition&#0160;\u00bb, peut-\u00eatre que certains dossiers sensibles pourraient enfin avancer&#0160;? Malgr\u00e9 les intrigues pilot\u00e9es par le ministre de l\u2019Int\u00e9rieur, Victoria pourrait bien s\u2019installer au \u00ab ch\u00e2teau \u00bb au grand dam de ses amis. C\u2019est le d\u00e9but d\u2019une idylle inattendue au sein du pouvoir, affolant la presse et mettant une sacr\u00e9e pagaille au sein d\u2019un gouvernement d\u00e9j\u00e0 f\u00e9brile.<br \/>Didier Tronchet&#0160;nous offre une com\u00e9die romantique r\u00e9jouissante sur fond d\u2019intrigues politiques, une fantaisie document\u00e9e o\u00f9 le ridicule c\u00f4toie le tragique et le grandiose. La ligne claire pleine d\u2019\u00e9nergie de Jean-Philippe Peyraud nous ouvre les portes d\u2019un quinquennat pas si \u00e9loign\u00e9 de notre r\u00e9alit\u00e9 o\u00f9 retournements de situations, petits drames et grandes ambitions jalonnent cette uchronie virevoltante&#0160;! Un coup de c\u0153ur made in France.<\/p>\n","protected":false},"excerpt":{"rendered":"<p>Samedi 12 avril, de 15h \u00e0 18h, d\u00e9dicace de Jean-Philippe Peyraud pour premi\u00e8re dame \u00e9dition Gl\u00e9nat Comme d&#39;habitude, pour participer \u00e0 cette s\u00e9ance de d\u00e9dicace, n&#39;h\u00e9sitez pas \u00e0 appeler pour vous inscrire au 01 40 27 88 63&#8230; Pr\u00e9sentation de l&#39;\u00e9diteur : Remue-m\u00e9nage \u00e0 l\u2019\u00c9lys\u00e9e&#0160;: et si la premi\u00e8re dame d\u00e9tenait&#0160;le v\u00e9ritable pouvoir&#0160;? Le pr\u00e9sident [&hellip;]<\/p>\n","protected":false},"author":4,"featured_media":0,"comment_status":"closed","ping_status":"closed","sticky":false,"template":"","format":"standard","meta":{"footnotes":""},"categories":[2],"tags":[],"class_list":["post-1971","post","type-post","status-publish","format-standard","hentry","category-dedicaces-bd"],"_links":{"self":[{"href":"https:\/\/www.univers-bd.fr\/index.php?rest_route=\/wp\/v2\/posts\/1971","targetHints":{"allow":["GET"]}}],"collection":[{"href":"https:\/\/www.univers-bd.fr\/index.php?rest_route=\/wp\/v2\/posts"}],"about":[{"href":"https:\/\/www.univers-bd.fr\/index.php?rest_route=\/wp\/v2\/types\/post"}],"author":[{"embeddable":true,"href":"https:\/\/www.univers-bd.fr\/index.php?rest_route=\/wp\/v2\/users\/4"}],"replies":[{"embeddable":true,"href":"https:\/\/www.univers-bd.fr\/index.php?rest_route=%2Fwp%2Fv2%2Fcomments&post=1971"}],"version-history":[{"count":1,"href":"https:\/\/www.univers-bd.fr\/index.php?rest_route=\/wp\/v2\/posts\/1971\/revisions"}],"predecessor-version":[{"id":2565,"href":"https:\/\/www.univers-bd.fr\/index.php?rest_route=\/wp\/v2\/posts\/1971\/revisions\/2565"}],"wp:attachment":[{"href":"https:\/\/www.univers-bd.fr\/index.php?rest_route=%2Fwp%2Fv2%2Fmedia&parent=1971"}],"wp:term":[{"taxonomy":"category","embeddable":true,"href":"https:\/\/www.univers-bd.fr\/index.php?rest_route=%2Fwp%2Fv2%2Fcategories&post=1971"},{"taxonomy":"post_tag","embeddable":true,"href":"https:\/\/www.univers-bd.fr\/index.php?rest_route=%2Fwp%2Fv2%2Ftags&post=1971"}],"curies":[{"name":"wp","href":"https:\/\/api.w.org\/{rel}","templated":true}]}}