{"id":1968,"date":"2025-01-30T07:14:00","date_gmt":"2025-01-30T06:14:00","guid":{"rendered":"https:\/\/www.univers-bd.fr\/?p=1968"},"modified":"2025-09-29T15:03:15","modified_gmt":"2025-09-29T13:03:15","slug":"vendredi-25-avril-dedicace-de-jean-paul-krassinsky","status":"publish","type":"post","link":"https:\/\/www.univers-bd.fr\/?p=1968","title":{"rendered":"Vendredi 25 avril, d\u00e9dicace de Jean-Paul Krassinsky"},"content":{"rendered":"<p>Vendredi 25 avril, de 16h \u00e0 19h, d\u00e9dicace de <strong>Jean-Paul Krassinsky<\/strong> pour <strong><em>De pierre et d&#39;os<\/em><\/strong> \u00e9dition Aire Libre<\/p>\n<p>Comme d&#39;habitude, pour participer \u00e0 cette s\u00e9ance de d\u00e9dicace, n&#39;h\u00e9sitez pas \u00e0 appeler pour vous inscrire au 01 40 27 88 63&#8230;<\/p>\n<p>Pr\u00e9sentation de l&#39;\u00e9diteur :<\/p>\n<p><a class=\"asset-img-link\" href=\"https:\/\/yannicklejeune.blogs.com\/.a\/6a00d8341c501b53ef02e860feea36200d-pi\" style=\"float: left;\"><img decoding=\"async\" alt=\"Libriweb\" class=\"asset  asset-image at-xid-6a00d8341c501b53ef02e860feea36200d img-responsive\" src=\"https:\/\/www.univers-bd.fr\/wp-content\/uploads\/2025\/01\/6a00d8341c501b53ef02e860feea36200d-200wi.jpg\" style=\"width: 165px; margin: 0px 5px 5px 0px;\" title=\"Libriweb\" \/><\/a><a class=\"asset-img-link\" href=\"https:\/\/yannicklejeune.blogs.com\/.a\/6a00d8341c501b53ef02e860feea30200d-pi\" style=\"float: left;\"><\/a>Lors d&#39;une nuit de temp\u00eate, Uqsuralik, une jeune Inuk, est s\u00e9par\u00e9e des siens. Isol\u00e9e sur une banquise hostile, elle tente de survive en compagnie de ses chiens.<br \/>Elle est heureusement recueillie par une famille et int\u00e8gre leur campement d&#39;hiver. Si ses talents de chasseuse lui permettent d&#39;\u00eatre rapidement valoris\u00e9e au sein du groupe, les agissements du patriarche la contraignent \u00e0 s&#39;\u00e9loigner et fuir cet homme dangereux. Elle retrouve alors la famille de son oncle. Entour\u00e9e de bienveillance, elle va essayer de soigner son&#8230;<\/p>\n","protected":false},"excerpt":{"rendered":"<p>Vendredi 25 avril, de 16h \u00e0 19h, d\u00e9dicace de Jean-Paul Krassinsky pour De pierre et d&#39;os \u00e9dition Aire Libre Comme d&#39;habitude, pour participer \u00e0 cette s\u00e9ance de d\u00e9dicace, n&#39;h\u00e9sitez pas \u00e0 appeler pour vous inscrire au 01 40 27 88 63&#8230; Pr\u00e9sentation de l&#39;\u00e9diteur : Lors d&#39;une nuit de temp\u00eate, Uqsuralik, une jeune Inuk, est [&hellip;]<\/p>\n","protected":false},"author":4,"featured_media":0,"comment_status":"closed","ping_status":"closed","sticky":false,"template":"","format":"standard","meta":{"footnotes":""},"categories":[2],"tags":[],"class_list":["post-1968","post","type-post","status-publish","format-standard","hentry","category-dedicaces-bd"],"_links":{"self":[{"href":"https:\/\/www.univers-bd.fr\/index.php?rest_route=\/wp\/v2\/posts\/1968","targetHints":{"allow":["GET"]}}],"collection":[{"href":"https:\/\/www.univers-bd.fr\/index.php?rest_route=\/wp\/v2\/posts"}],"about":[{"href":"https:\/\/www.univers-bd.fr\/index.php?rest_route=\/wp\/v2\/types\/post"}],"author":[{"embeddable":true,"href":"https:\/\/www.univers-bd.fr\/index.php?rest_route=\/wp\/v2\/users\/4"}],"replies":[{"embeddable":true,"href":"https:\/\/www.univers-bd.fr\/index.php?rest_route=%2Fwp%2Fv2%2Fcomments&post=1968"}],"version-history":[{"count":1,"href":"https:\/\/www.univers-bd.fr\/index.php?rest_route=\/wp\/v2\/posts\/1968\/revisions"}],"predecessor-version":[{"id":2559,"href":"https:\/\/www.univers-bd.fr\/index.php?rest_route=\/wp\/v2\/posts\/1968\/revisions\/2559"}],"wp:attachment":[{"href":"https:\/\/www.univers-bd.fr\/index.php?rest_route=%2Fwp%2Fv2%2Fmedia&parent=1968"}],"wp:term":[{"taxonomy":"category","embeddable":true,"href":"https:\/\/www.univers-bd.fr\/index.php?rest_route=%2Fwp%2Fv2%2Fcategories&post=1968"},{"taxonomy":"post_tag","embeddable":true,"href":"https:\/\/www.univers-bd.fr\/index.php?rest_route=%2Fwp%2Fv2%2Ftags&post=1968"}],"curies":[{"name":"wp","href":"https:\/\/api.w.org\/{rel}","templated":true}]}}