{"id":1965,"date":"2025-03-13T07:51:39","date_gmt":"2025-03-13T06:51:39","guid":{"rendered":"https:\/\/www.univers-bd.fr\/?p=1965"},"modified":"2025-10-01T12:09:22","modified_gmt":"2025-10-01T10:09:22","slug":"mercredi-28-mai-dedicace-de-stephane-oiry-1","status":"publish","type":"post","link":"https:\/\/www.univers-bd.fr\/?p=1965","title":{"rendered":"Mercredi 28 mai, d\u00e9dicace de St\u00e9phane Oiry"},"content":{"rendered":"<p>Mercredi 28 mai, de 15h \u00e0 19h, d\u00e9dicace de <strong>St\u00e9phane Oiry<\/strong> pour <strong><em>Les h\u00e9ros du peuple sont immortels<\/em> <\/strong>\u00e9dition Dargaud.<\/p>\n<p>Comme d&#39;habitude, pour participer \u00e0 cette s\u00e9ance de d\u00e9dicace, n&#39;h\u00e9sitez pas \u00e0 appeler pour vous inscrire au 01 40 27 88 63&#8230;<\/p>\n<p>Pr\u00e9sentation de l&#39;\u00e9diteur :<\/p>\n<p><a class=\"asset-img-link\" href=\"https:\/\/yannicklejeune.blogs.com\/.a\/6a00d8341c501b53ef02e860e4f951200b-pi\" style=\"float: left;\"><img decoding=\"async\" alt=\"61OQQiqicqL._SX195_\" class=\"asset  asset-image at-xid-6a00d8341c501b53ef02e860e4f951200b img-responsive\" src=\"https:\/\/www.univers-bd.fr\/wp-content\/uploads\/2025\/03\/6a00d8341c501b53ef02e860e4f951200b-200wi.jpg\" style=\"width: 165px; margin: 0px 5px 5px 0px;\" title=\"61OQQiqicqL._SX195_\" \/><\/a><a class=\"asset-img-link\" href=\"https:\/\/yannicklejeune.blogs.com\/.a\/6a00d8341c501b53ef02c8d3ce4ea7200c-pi\" style=\"float: left;\"><\/a>Leader du groupe punk Camera Silens dans les ann\u00e9es 1980, en cavale pendant trente ans \u00e0 la suite d&#39;un braquage, Gilles Bertin raconte son parcours de hors-la-loi mais aussi les concerts des d\u00e9buts, la drogue, les mauvaises rencontres, le vol de la Brink&#39;s de Toulouse en 1988, sa fuite dans une cit\u00e9 baln\u00e9aire espagnole et \u00e0 Lisbonne, son repentir et son souhait de retrouver ses premiers enfants.<\/p>\n","protected":false},"excerpt":{"rendered":"<p>Mercredi 28 mai, de 15h \u00e0 19h, d\u00e9dicace de St\u00e9phane Oiry pour Les h\u00e9ros du peuple sont immortels \u00e9dition Dargaud. Comme d&#39;habitude, pour participer \u00e0 cette s\u00e9ance de d\u00e9dicace, n&#39;h\u00e9sitez pas \u00e0 appeler pour vous inscrire au 01 40 27 88 63&#8230; Pr\u00e9sentation de l&#39;\u00e9diteur : Leader du groupe punk Camera Silens dans les ann\u00e9es [&hellip;]<\/p>\n","protected":false},"author":4,"featured_media":3783,"comment_status":"closed","ping_status":"closed","sticky":false,"template":"","format":"standard","meta":{"footnotes":""},"categories":[2],"tags":[],"class_list":["post-1965","post","type-post","status-publish","format-standard","has-post-thumbnail","hentry","category-dedicaces-bd"],"_links":{"self":[{"href":"https:\/\/www.univers-bd.fr\/index.php?rest_route=\/wp\/v2\/posts\/1965","targetHints":{"allow":["GET"]}}],"collection":[{"href":"https:\/\/www.univers-bd.fr\/index.php?rest_route=\/wp\/v2\/posts"}],"about":[{"href":"https:\/\/www.univers-bd.fr\/index.php?rest_route=\/wp\/v2\/types\/post"}],"author":[{"embeddable":true,"href":"https:\/\/www.univers-bd.fr\/index.php?rest_route=\/wp\/v2\/users\/4"}],"replies":[{"embeddable":true,"href":"https:\/\/www.univers-bd.fr\/index.php?rest_route=%2Fwp%2Fv2%2Fcomments&post=1965"}],"version-history":[{"count":1,"href":"https:\/\/www.univers-bd.fr\/index.php?rest_route=\/wp\/v2\/posts\/1965\/revisions"}],"predecessor-version":[{"id":2552,"href":"https:\/\/www.univers-bd.fr\/index.php?rest_route=\/wp\/v2\/posts\/1965\/revisions\/2552"}],"wp:featuredmedia":[{"embeddable":true,"href":"https:\/\/www.univers-bd.fr\/index.php?rest_route=\/wp\/v2\/media\/3783"}],"wp:attachment":[{"href":"https:\/\/www.univers-bd.fr\/index.php?rest_route=%2Fwp%2Fv2%2Fmedia&parent=1965"}],"wp:term":[{"taxonomy":"category","embeddable":true,"href":"https:\/\/www.univers-bd.fr\/index.php?rest_route=%2Fwp%2Fv2%2Fcategories&post=1965"},{"taxonomy":"post_tag","embeddable":true,"href":"https:\/\/www.univers-bd.fr\/index.php?rest_route=%2Fwp%2Fv2%2Ftags&post=1965"}],"curies":[{"name":"wp","href":"https:\/\/api.w.org\/{rel}","templated":true}]}}