{"id":1960,"date":"2025-09-03T09:57:43","date_gmt":"2025-09-03T07:57:43","guid":{"rendered":"https:\/\/www.univers-bd.fr\/?p=1960"},"modified":"2025-09-29T16:24:32","modified_gmt":"2025-09-29T14:24:32","slug":"mercredi-24-septembre-dedicace-de-jean-claude-denis","status":"publish","type":"post","link":"https:\/\/www.univers-bd.fr\/?p=1960","title":{"rendered":"Mercredi 24 septembre, d\u00e9dicace de Jean Claude Denis et Frank Margerin"},"content":{"rendered":"<p>Mercredi 24 septembre, de 16h \u00e0 19h, d\u00e9dicace de <span class=\"html-span xdj266r x14z9mp xat24cr x1lziwak xexx8yu xyri2b x18d9i69 x1c1uobl x1hl2dhg x16tdsg8 x1vvkbs x4k7w5x x1h91t0o x1h9r5lt x1jfb8zj xv2umb2 x1beo9mf xaigb6o x12ejxvf x3igimt xarpa2k xedcshv x1lytzrv x1t2pt76 x7ja8zs x1qrby5j\"><span class=\"xdmh292 x15dsfln x140p0ai x1gufx9m x1s928wv xhkezso x1gmr53x x1cpjm7i x1fgarty x1943h6x x193iq5w xeuugli x13faqbe x1vvkbs x1lliihq xzsf02u xlh3980 xvmahel x1x9mg3 xo1l8bm\" dir=\"auto\" style=\"--x-fontsize: 15px; --x-lineheight: 19.5762px; --x-8dd7yt: -0.2385em; --x-hxtmnb: -0.3615em;\"><strong>Jean Claude Denis<\/strong> pour <strong><em>Tout d&#8217;un coup (ou presque)<\/em><\/strong> \u00e9dition Le Pythagore et de <strong>Frank Margerin<\/strong> pour <strong><em>Ma vie avec (et sans !) Lucien : Cinquante Truculentes Ann\u00e9es de BD et de Presse <\/em><\/strong>chez M\u00e9diapop \u00e9dition<\/span><\/span><\/p>\n<p>Comme d&#8217;habitude, pour participer \u00e0 cette s\u00e9ance de d\u00e9dicace, n&#8217;h\u00e9sitez pas \u00e0 appeler pour vous inscrire au 01 40 27 88 63&#8230;<\/p>\n<p><strong>Pr\u00e9sentation des \u00e9diteurs :<\/strong><\/p>\n<p><a class=\"asset-img-link\" style=\"float: left;\" href=\"https:\/\/yannicklejeune.blogs.com\/.a\/6a00d8341c501b53ef02e860f2843e200b-pi\"><img decoding=\"async\" class=\"asset  asset-image at-xid-6a00d8341c501b53ef02e860f2843e200b img-responsive\" style=\"width: 165px; margin: 0px 5px 5px 0px;\" title=\"Cover-187420-w350\" src=\"https:\/\/www.univers-bd.fr\/wp-content\/uploads\/2025\/09\/6a00d8341c501b53ef02e860f2843e200b-200wi.jpg\" alt=\"Cover-187420-w350\" \/><\/a>De Jean-C. Denis, on connait surtout le personnage embl\u00e9matique, son alter \u00e9go de papier, celui qui incarne \u00e0 lui seul LA d\u00e9finition de anti-h\u00e9ros : Luc Leroi. Cette monographie reprend 40 ans d&#8217;illustrations de cet auteur grand prix d&#8217;Angoul\u00e8me 2012, mais \u00e9galement des centaines de dessins in\u00e9dits, peintures, esquisses sauv\u00e9es de la poubelle, Pr\u00e9faces de Baru, Berb\u00e9rian, Cestac, Gibrat, Loustal, Margerin et Veyron. Interview de Jean C. Denis par St\u00e9phane Godefroid.<\/p>\n<p>&nbsp;<\/p>\n<p>&nbsp;<\/p>\n<p>&nbsp;<\/p>\n<p><a class=\"asset-img-link\" style=\"float: left;\" href=\"https:\/\/yannicklejeune.blogs.com\/.a\/6a00d8341c501b53ef02e860f28d05200b-pi\"><img decoding=\"async\" class=\"asset  asset-image at-xid-6a00d8341c501b53ef02e860f28d05200b img-responsive\" style=\"width: 165px; margin: 0px 5px 5px 0px;\" title=\"Zap\" src=\"https:\/\/www.univers-bd.fr\/wp-content\/uploads\/2025\/09\/6a00d8341c501b53ef02e860f28d05200b-200wi.jpg\" alt=\"Zap\" \/><\/a>Ce livre, richement illustr\u00e9, retrace sous la forme d&#8217;un entretien-fleuve dense et approfondi, la carri\u00e8re f\u00e9conde d&#8217;un pilier de la bande dessin\u00e9e fran\u00e7aise, des ann\u00e9es 1970 \u00e0 nos jours. Cinquante ann\u00e9es d&#8217;une trajectoire ph\u00e9nom\u00e9nale, couronn\u00e9es par le Grand Prix d&#8217;Angoul\u00eame en 1992, marqu\u00e9es par l&#8217;\u00e9clectisme et la g\u00e9n\u00e9rosit\u00e9, et d\u00e9di\u00e9es \u00e0 un esprit rock cartoonesque et d\u00e9sopilant. Frank Margerin a notamment contribu\u00e9 \u00e0 M\u00e9tal Hurlant et Fluide Glacial, illustr\u00e9 pl\u00e9thore de pochettes de disques et donn\u00e9 naissance \u00e0 une foultitude de personnages ayant marqu\u00e9 la culture populaire de notre pays. Ses loubards inoffensifs, zonards \u00e0 la rue, rockeurs de pacotille, babas affligeants, bikers du dimanche, vieillards franchouillards et autres hurluberlus attendrissants peuplent ce livre !<\/p>\n","protected":false},"excerpt":{"rendered":"<p>Mercredi 24 septembre, de 16h \u00e0 19h, d\u00e9dicace de Jean Claude Denis pour Tout d&#8217;un coup (ou presque) \u00e9dition Le Pythagore et de Frank Margerin pour Ma vie avec (et sans !) Lucien : Cinquante Truculentes Ann\u00e9es de BD et de Presse chez M\u00e9diapop \u00e9dition Comme d&#8217;habitude, pour participer \u00e0 cette s\u00e9ance de d\u00e9dicace, n&#8217;h\u00e9sitez [&hellip;]<\/p>\n","protected":false},"author":4,"featured_media":3764,"comment_status":"closed","ping_status":"closed","sticky":false,"template":"","format":"standard","meta":{"footnotes":""},"categories":[2],"tags":[],"class_list":["post-1960","post","type-post","status-publish","format-standard","has-post-thumbnail","hentry","category-dedicaces-bd"],"_links":{"self":[{"href":"https:\/\/www.univers-bd.fr\/index.php?rest_route=\/wp\/v2\/posts\/1960","targetHints":{"allow":["GET"]}}],"collection":[{"href":"https:\/\/www.univers-bd.fr\/index.php?rest_route=\/wp\/v2\/posts"}],"about":[{"href":"https:\/\/www.univers-bd.fr\/index.php?rest_route=\/wp\/v2\/types\/post"}],"author":[{"embeddable":true,"href":"https:\/\/www.univers-bd.fr\/index.php?rest_route=\/wp\/v2\/users\/4"}],"replies":[{"embeddable":true,"href":"https:\/\/www.univers-bd.fr\/index.php?rest_route=%2Fwp%2Fv2%2Fcomments&post=1960"}],"version-history":[{"count":2,"href":"https:\/\/www.univers-bd.fr\/index.php?rest_route=\/wp\/v2\/posts\/1960\/revisions"}],"predecessor-version":[{"id":3763,"href":"https:\/\/www.univers-bd.fr\/index.php?rest_route=\/wp\/v2\/posts\/1960\/revisions\/3763"}],"wp:featuredmedia":[{"embeddable":true,"href":"https:\/\/www.univers-bd.fr\/index.php?rest_route=\/wp\/v2\/media\/3764"}],"wp:attachment":[{"href":"https:\/\/www.univers-bd.fr\/index.php?rest_route=%2Fwp%2Fv2%2Fmedia&parent=1960"}],"wp:term":[{"taxonomy":"category","embeddable":true,"href":"https:\/\/www.univers-bd.fr\/index.php?rest_route=%2Fwp%2Fv2%2Fcategories&post=1960"},{"taxonomy":"post_tag","embeddable":true,"href":"https:\/\/www.univers-bd.fr\/index.php?rest_route=%2Fwp%2Fv2%2Ftags&post=1960"}],"curies":[{"name":"wp","href":"https:\/\/api.w.org\/{rel}","templated":true}]}}